{"id":8103,"date":"2018-11-23T13:16:52","date_gmt":"2018-11-23T12:16:52","guid":{"rendered":"http:\/\/slivnica.splet.arnes.si\/?p=8103"},"modified":"2018-11-25T19:03:53","modified_gmt":"2018-11-25T18:03:53","slug":"zahvala-s-tradicionalnim-slovenskim-zajtrkom-do-miklavzevega-sejma","status":"publish","type":"post","link":"https:\/\/www.os-slivnica.si\/?p=8103","title":{"rendered":"Zahvala: s tradicionalnim slovenskim zajtrkom do Miklav\u017eevega sejma"},"content":{"rendered":"<div>Najlep\u0161a hvala na\u0161im eko in lokalnim slovenskim dobaviteljem za podarjena \u017eivila &#8211; doma\u010da jabolka kmetije Blagotin\u0161ek, eko mleko kmetije \u010cadej. Posebna hvala gospodu Mastnaku za podarjeni med ter pekarni Ger\u0161ak za izjemno dober kruh, ki smo ga z veseljem pojedli ob dnevu tradicionalnega slovenskega zajtrka. Z va\u0161o pomo\u010djo bomo na O\u0160 Slivnica pri Celju ustvarjali izdelke, s katerimi bomo na Miklav\u017eevem sejmu zbirali sredstva za \u0160olski sklad.<\/div>\n<div><\/div>\n<div>Najlep\u0161a hvala v imenu vseh u\u010dencev in zaposlenih.<\/div>\n<div><\/div>\n<div><a href=\"http:\/\/slivnica.splet.arnes.si\/files\/2018\/11\/20181123_134003_HDR.jpg\"><img loading=\"lazy\" decoding=\"async\" class=\"alignnone size-medium wp-image-8117\" src=\"http:\/\/slivnica.splet.arnes.si\/files\/2018\/11\/20181123_134003_HDR-300x225.jpg\" alt=\"\" width=\"300\" height=\"225\" srcset=\"https:\/\/www.os-slivnica.si\/files\/2018\/11\/20181123_134003_HDR-300x225.jpg 300w, https:\/\/www.os-slivnica.si\/files\/2018\/11\/20181123_134003_HDR-768x576.jpg 768w, https:\/\/www.os-slivnica.si\/files\/2018\/11\/20181123_134003_HDR-1024x768.jpg 1024w, https:\/\/www.os-slivnica.si\/files\/2018\/11\/20181123_134003_HDR-510x382.jpg 510w, https:\/\/www.os-slivnica.si\/files\/2018\/11\/20181123_134003_HDR-1080x810.jpg 1080w\" sizes=\"(max-width: 300px) 100vw, 300px\" \/><\/a> <a href=\"http:\/\/slivnica.splet.arnes.si\/files\/2018\/11\/DSC03536.jpg\"><img loading=\"lazy\" decoding=\"async\" class=\"alignnone size-medium wp-image-8119\" src=\"http:\/\/slivnica.splet.arnes.si\/files\/2018\/11\/DSC03536-300x225.jpg\" alt=\"\" width=\"300\" height=\"225\" srcset=\"https:\/\/www.os-slivnica.si\/files\/2018\/11\/DSC03536-300x225.jpg 300w, https:\/\/www.os-slivnica.si\/files\/2018\/11\/DSC03536-768x576.jpg 768w, https:\/\/www.os-slivnica.si\/files\/2018\/11\/DSC03536-1024x768.jpg 1024w, https:\/\/www.os-slivnica.si\/files\/2018\/11\/DSC03536-510x382.jpg 510w, https:\/\/www.os-slivnica.si\/files\/2018\/11\/DSC03536-1080x810.jpg 1080w\" sizes=\"(max-width: 300px) 100vw, 300px\" \/><\/a><\/div>\n<div><\/div>\n","protected":false},"excerpt":{"rendered":"<p>Najlep\u0161a hvala na\u0161im eko in lokalnim slovenskim dobaviteljem za podarjena \u017eivila &#8211; doma\u010da jabolka kmetije Blagotin\u0161ek, eko mleko kmetije \u010cadej. Posebna hvala gospodu Mastnaku za podarjeni med ter pekarni Ger\u0161ak za izjemno dober kruh, ki smo ga z veseljem pojedli ob dnevu tradicionalnega slovenskega zajtrka. Z va\u0161o pomo\u010djo bomo na O\u0160 Slivnica pri Celju ustvarjali [&hellip;]<\/p>\n","protected":false},"author":25171,"featured_media":0,"comment_status":"closed","ping_status":"closed","sticky":false,"template":"","format":"standard","meta":{"_et_pb_use_builder":"","_et_pb_old_content":"","_et_gb_content_width":"","ngg_post_thumbnail":0,"footnotes":"","_expiration-date-status":"","_expiration-date":0,"_expiration-date-type":"","_expiration-date-categories":[],"_expiration-date-options":[]},"categories":[9],"tags":[],"class_list":["post-8103","post","type-post","status-publish","format-standard","hentry","category-aktualno","et-doesnt-have-format-content","et_post_format-et-post-format-standard"],"_links":{"self":[{"href":"https:\/\/www.os-slivnica.si\/index.php?rest_route=\/wp\/v2\/posts\/8103","targetHints":{"allow":["GET"]}}],"collection":[{"href":"https:\/\/www.os-slivnica.si\/index.php?rest_route=\/wp\/v2\/posts"}],"about":[{"href":"https:\/\/www.os-slivnica.si\/index.php?rest_route=\/wp\/v2\/types\/post"}],"author":[{"embeddable":true,"href":"https:\/\/www.os-slivnica.si\/index.php?rest_route=\/wp\/v2\/users\/25171"}],"replies":[{"embeddable":true,"href":"https:\/\/www.os-slivnica.si\/index.php?rest_route=%2Fwp%2Fv2%2Fcomments&post=8103"}],"version-history":[{"count":10,"href":"https:\/\/www.os-slivnica.si\/index.php?rest_route=\/wp\/v2\/posts\/8103\/revisions"}],"predecessor-version":[{"id":8171,"href":"https:\/\/www.os-slivnica.si\/index.php?rest_route=\/wp\/v2\/posts\/8103\/revisions\/8171"}],"wp:attachment":[{"href":"https:\/\/www.os-slivnica.si\/index.php?rest_route=%2Fwp%2Fv2%2Fmedia&parent=8103"}],"wp:term":[{"taxonomy":"category","embeddable":true,"href":"https:\/\/www.os-slivnica.si\/index.php?rest_route=%2Fwp%2Fv2%2Fcategories&post=8103"},{"taxonomy":"post_tag","embeddable":true,"href":"https:\/\/www.os-slivnica.si\/index.php?rest_route=%2Fwp%2Fv2%2Ftags&post=8103"}],"curies":[{"name":"wp","href":"https:\/\/api.w.org\/{rel}","templated":true}]}}