{"id":8039,"date":"2018-11-16T21:32:51","date_gmt":"2018-11-16T20:32:51","guid":{"rendered":"http:\/\/slivnica.splet.arnes.si\/?p=8039"},"modified":"2018-11-16T21:32:51","modified_gmt":"2018-11-16T20:32:51","slug":"slovenski-tradicionalni-zajtrk-obelezili-tudi-na-prevorju","status":"publish","type":"post","link":"https:\/\/www.os-slivnica.si\/?p=8039","title":{"rendered":"Slovenski Tradicionalni zajtrk obele\u017eili tudi na Prevorju"},"content":{"rendered":"<p><img loading=\"lazy\" decoding=\"async\" class=\"irc_mi aligncenter\" src=\"http:\/\/www.osdobrova.si\/files\/2015\/11\/zajtrk.jpg\" alt=\"Rezultat iskanja slik za tradicionalni slovenski zajtrk\" width=\"197\" height=\"157\" \/><\/p>\n<p><strong>Tradicionalni slovenski zajtrk <\/strong>smo pri\u010deli z doma\u010dim kruhom iz kru\u0161ne pe\u010di <strong>kmetije Gril v \u017degru,<\/strong> doma\u010dim kravjim mlekom in doma\u010dim medom <strong>iz kmetije Bevc v Krivici <\/strong>ter maslom in jabolkom.<\/p>\n<p>Okrep\u010dani po zajtrku smo nato pri\u010deli s <strong>peko medenjakov, jabolk in pala\u010dink. <\/strong><\/p>\n<p><strong>Mmmmmm,<\/strong> kako je di\u0161alo po \u0161oli.<\/p>\n<p>Posebno pozornost pa smo namenili tudi pomenu gibanja, zato smo se v okviru projekta <strong>Zdrave \u0161ole \u00bb365 dni telovadimo vsi\u00ab <\/strong>\u0161e dodobra razmigali.<\/p>\n<p>Dan smo zaklju\u010dili s tradicionalno <strong>Slakovo pesmijo \u010cebelar<\/strong>, ki jo je na harmoniko, ob spremljavi zbora, zaigral <strong>\u010detrto\u0161olec \u017dan Pertina\u010d. <\/strong><\/p>\n<p style=\"text-align: center\">ngg_shortcode_0_placeholder<\/p>\n<p>&nbsp;<\/p>\n","protected":false},"excerpt":{"rendered":"<p>Tradicionalni slovenski zajtrk smo pri\u010deli z doma\u010dim kruhom iz kru\u0161ne pe\u010di kmetije Gril v \u017degru, doma\u010dim kravjim mlekom in doma\u010dim medom iz kmetije Bevc v Krivici ter maslom in jabolkom. Okrep\u010dani po zajtrku smo nato pri\u010deli s peko medenjakov, jabolk in pala\u010dink. Mmmmmm, kako je di\u0161alo po \u0161oli. Posebno pozornost pa smo namenili tudi pomenu [&hellip;]<\/p>\n","protected":false},"author":6009,"featured_media":0,"comment_status":"closed","ping_status":"closed","sticky":false,"template":"","format":"standard","meta":{"_et_pb_use_builder":"","_et_pb_old_content":"","_et_gb_content_width":"","ngg_post_thumbnail":0,"footnotes":"","_expiration-date-status":"","_expiration-date":0,"_expiration-date-type":"","_expiration-date-categories":[],"_expiration-date-options":[]},"categories":[11],"tags":[],"class_list":["post-8039","post","type-post","status-publish","format-standard","hentry","category-ps-prevorje","et-doesnt-have-format-content","et_post_format-et-post-format-standard"],"_links":{"self":[{"href":"https:\/\/www.os-slivnica.si\/index.php?rest_route=\/wp\/v2\/posts\/8039","targetHints":{"allow":["GET"]}}],"collection":[{"href":"https:\/\/www.os-slivnica.si\/index.php?rest_route=\/wp\/v2\/posts"}],"about":[{"href":"https:\/\/www.os-slivnica.si\/index.php?rest_route=\/wp\/v2\/types\/post"}],"author":[{"embeddable":true,"href":"https:\/\/www.os-slivnica.si\/index.php?rest_route=\/wp\/v2\/users\/6009"}],"replies":[{"embeddable":true,"href":"https:\/\/www.os-slivnica.si\/index.php?rest_route=%2Fwp%2Fv2%2Fcomments&post=8039"}],"version-history":[{"count":1,"href":"https:\/\/www.os-slivnica.si\/index.php?rest_route=\/wp\/v2\/posts\/8039\/revisions"}],"predecessor-version":[{"id":8041,"href":"https:\/\/www.os-slivnica.si\/index.php?rest_route=\/wp\/v2\/posts\/8039\/revisions\/8041"}],"wp:attachment":[{"href":"https:\/\/www.os-slivnica.si\/index.php?rest_route=%2Fwp%2Fv2%2Fmedia&parent=8039"}],"wp:term":[{"taxonomy":"category","embeddable":true,"href":"https:\/\/www.os-slivnica.si\/index.php?rest_route=%2Fwp%2Fv2%2Fcategories&post=8039"},{"taxonomy":"post_tag","embeddable":true,"href":"https:\/\/www.os-slivnica.si\/index.php?rest_route=%2Fwp%2Fv2%2Ftags&post=8039"}],"curies":[{"name":"wp","href":"https:\/\/api.w.org\/{rel}","templated":true}]}}