{"id":7969,"date":"2018-11-16T14:07:35","date_gmt":"2018-11-16T13:07:35","guid":{"rendered":"http:\/\/slivnica.splet.arnes.si\/?p=7969"},"modified":"2018-11-19T07:14:05","modified_gmt":"2018-11-19T06:14:05","slug":"tradicionalni-slovenski-zajtrk-in-zdrava-sola","status":"publish","type":"post","link":"https:\/\/www.os-slivnica.si\/?p=7969","title":{"rendered":"Tradicionalni slovenski zajtrk in zdrava \u0161ola"},"content":{"rendered":"<p>Danes, 16. 11. 2018 smo se zbrali in na \u0161oli proslavili tradicionalni slovenski zajtrk. Berite naprej in spoznali boste, kako smo ga do\u017eiveli mi.<\/p>\n<p>Dan se je za\u010del kot obi\u010dajen \u0161olski dan. Na \u0161oli smo zjutraj poslu\u0161ali harmonikarje, ki so vadili za nastop. \u010cudovite melodije harmonikarjev je prekinil \u0161olski zvonec in od\u0161li smo v razrede, kjer smo pojedli tradicionalni slovenski zajtrk. Za zajtrk smo imeli \u010drn kruh, maslo, med, mleko in jabolka. Vsa \u017eivila so bila slovenskega porekla. Maslo smo dobili iz Zelenih dolin, \u010drn kruh iz pekarne Ger\u0161ak, doma\u010de eko mleko od lokalnega kmeta \u010cadeja, med je podaril \u010debelar Mastnak, jabolka pa gospa Vera Blagotin\u0161ek. Vse je bilo zelo okusno.<\/p>\n<p>Po zajtrku smo imeli dejavnosti na temo zdravja. Poslu\u0161ali smo izbrane pesmi in se ob njih gibali. Ob tem smo tudi telovadili ter preizkusili vaje, ki so zelo koristne za na\u0161e telo. Bilo je zelo zabavno.<\/p>\n<p>Ob devetih smo se vsi u\u010denci zbrali v telovadnici. Skupaj s harmonikarji smo zapeli pesem \u010cEBELAR. Obiskala sta nas tudi \u010debelarja, ki sta nam povedala veliko o \u010debelah in njihovem pomenu. Povedala sta nam, da brez \u010debel ne bi bilo \u017eivljenja.<\/p>\n<p>Dan smo zaklju\u010dili z izdelavo izdelkov za Miklav\u017eev sejem. S svojim trudom in pridnimi rokami tako \u017eelimo pomagati in prispevati za \u0160olski sklad. Izdelke bomo namre\u010d prodajali na Miklav\u017eevem sejmu, ki bo v \u010detrtek, 29. 11. 2018. Tudi pevci so se intenzivno pripravljali za koncert in opevali svoje glasove, da bo njihovo prepevanje na koncertu \u0161e prijetnej\u0161e za na\u0161a u\u0161esa.<\/p>\n<p>Ta dan je bil za naju nekaj posebnega. \u017deliva si, da bi potekal ve\u010dkrat, hkrati pa sva vesela, ker ga imava mo\u017enost pre\u017eiveti vsako \u0161olsko leto malo druga\u010de.<\/p>\n<p>Nu\u0161a, Tim, 7. a razred<\/p>\nngg_shortcode_0_placeholder\n","protected":false},"excerpt":{"rendered":"<p>Danes, 16. 11. 2018 smo se zbrali in na \u0161oli proslavili tradicionalni slovenski zajtrk. Berite naprej in spoznali boste, kako smo ga do\u017eiveli mi. Dan se je za\u010del kot obi\u010dajen \u0161olski dan. Na \u0161oli smo zjutraj poslu\u0161ali harmonikarje, ki so vadili za nastop. \u010cudovite melodije harmonikarjev je prekinil \u0161olski zvonec in od\u0161li smo v razrede, [&hellip;]<\/p>\n","protected":false},"author":25171,"featured_media":0,"comment_status":"closed","ping_status":"closed","sticky":false,"template":"","format":"standard","meta":{"_et_pb_use_builder":"","_et_pb_old_content":"","_et_gb_content_width":"","ngg_post_thumbnail":0,"footnotes":"","_expiration-date-status":"","_expiration-date":0,"_expiration-date-type":"","_expiration-date-categories":[],"_expiration-date-options":[]},"categories":[9],"tags":[],"class_list":["post-7969","post","type-post","status-publish","format-standard","hentry","category-aktualno","et-doesnt-have-format-content","et_post_format-et-post-format-standard"],"_links":{"self":[{"href":"https:\/\/www.os-slivnica.si\/index.php?rest_route=\/wp\/v2\/posts\/7969","targetHints":{"allow":["GET"]}}],"collection":[{"href":"https:\/\/www.os-slivnica.si\/index.php?rest_route=\/wp\/v2\/posts"}],"about":[{"href":"https:\/\/www.os-slivnica.si\/index.php?rest_route=\/wp\/v2\/types\/post"}],"author":[{"embeddable":true,"href":"https:\/\/www.os-slivnica.si\/index.php?rest_route=\/wp\/v2\/users\/25171"}],"replies":[{"embeddable":true,"href":"https:\/\/www.os-slivnica.si\/index.php?rest_route=%2Fwp%2Fv2%2Fcomments&post=7969"}],"version-history":[{"count":7,"href":"https:\/\/www.os-slivnica.si\/index.php?rest_route=\/wp\/v2\/posts\/7969\/revisions"}],"predecessor-version":[{"id":8049,"href":"https:\/\/www.os-slivnica.si\/index.php?rest_route=\/wp\/v2\/posts\/7969\/revisions\/8049"}],"wp:attachment":[{"href":"https:\/\/www.os-slivnica.si\/index.php?rest_route=%2Fwp%2Fv2%2Fmedia&parent=7969"}],"wp:term":[{"taxonomy":"category","embeddable":true,"href":"https:\/\/www.os-slivnica.si\/index.php?rest_route=%2Fwp%2Fv2%2Fcategories&post=7969"},{"taxonomy":"post_tag","embeddable":true,"href":"https:\/\/www.os-slivnica.si\/index.php?rest_route=%2Fwp%2Fv2%2Ftags&post=7969"}],"curies":[{"name":"wp","href":"https:\/\/api.w.org\/{rel}","templated":true}]}}