{"id":7941,"date":"2018-11-09T19:55:37","date_gmt":"2018-11-09T18:55:37","guid":{"rendered":"http:\/\/slivnica.splet.arnes.si\/?p=7941"},"modified":"2018-11-09T19:56:27","modified_gmt":"2018-11-09T18:56:27","slug":"leja-karin-in-veronika-na-koncertu-v-pocastitev-90-letnice-skladatelja-jakoba-jeza","status":"publish","type":"post","link":"https:\/\/www.os-slivnica.si\/?p=7941","title":{"rendered":"Leja, Karin in Veronika na koncertu v po\u010dastitev 90-letnice skladatelja Jakoba Je\u017ea"},"content":{"rendered":"<p>V \u010detrtek, 8. novembra 2018, so tri pevke na\u0161ega MPZ nastopile z ostalimi 80 oziroma 300 pevci v \u010dast skladatelju Jakobu Je\u017eu, ki bo 23. novembra proslavljal svoj 90. rojstni dan. Kljub \u010dastitljivim letom je \u0161e vedno ustvarjalen, saj je bila na tem koncertu krstno izvedena njegova pesem Zlatolase deklice. Ve\u010d v<a href=\"http:\/\/pevski-zbori-slivnica.splet.arnes.si\/\" target=\"_blank\"> blogu<\/a>.<\/p>\n","protected":false},"excerpt":{"rendered":"<p>V \u010detrtek, 8. novembra 2018, so tri pevke na\u0161ega MPZ nastopile z ostalimi 80 oziroma 300 pevci v \u010dast skladatelju Jakobu Je\u017eu, ki bo 23. novembra proslavljal svoj 90. rojstni dan. Kljub \u010dastitljivim letom je \u0161e vedno ustvarjalen, saj je bila na tem koncertu krstno izvedena njegova pesem Zlatolase deklice. Ve\u010d v blogu.<\/p>\n","protected":false},"author":5703,"featured_media":0,"comment_status":"closed","ping_status":"closed","sticky":false,"template":"","format":"standard","meta":{"_et_pb_use_builder":"","_et_pb_old_content":"","_et_gb_content_width":"","ngg_post_thumbnail":0,"footnotes":"","_expiration-date-status":"","_expiration-date":0,"_expiration-date-type":"","_expiration-date-categories":[],"_expiration-date-options":[]},"categories":[9],"tags":[],"class_list":["post-7941","post","type-post","status-publish","format-standard","hentry","category-aktualno","et-doesnt-have-format-content","et_post_format-et-post-format-standard"],"_links":{"self":[{"href":"https:\/\/www.os-slivnica.si\/index.php?rest_route=\/wp\/v2\/posts\/7941","targetHints":{"allow":["GET"]}}],"collection":[{"href":"https:\/\/www.os-slivnica.si\/index.php?rest_route=\/wp\/v2\/posts"}],"about":[{"href":"https:\/\/www.os-slivnica.si\/index.php?rest_route=\/wp\/v2\/types\/post"}],"author":[{"embeddable":true,"href":"https:\/\/www.os-slivnica.si\/index.php?rest_route=\/wp\/v2\/users\/5703"}],"replies":[{"embeddable":true,"href":"https:\/\/www.os-slivnica.si\/index.php?rest_route=%2Fwp%2Fv2%2Fcomments&post=7941"}],"version-history":[{"count":2,"href":"https:\/\/www.os-slivnica.si\/index.php?rest_route=\/wp\/v2\/posts\/7941\/revisions"}],"predecessor-version":[{"id":7945,"href":"https:\/\/www.os-slivnica.si\/index.php?rest_route=\/wp\/v2\/posts\/7941\/revisions\/7945"}],"wp:attachment":[{"href":"https:\/\/www.os-slivnica.si\/index.php?rest_route=%2Fwp%2Fv2%2Fmedia&parent=7941"}],"wp:term":[{"taxonomy":"category","embeddable":true,"href":"https:\/\/www.os-slivnica.si\/index.php?rest_route=%2Fwp%2Fv2%2Fcategories&post=7941"},{"taxonomy":"post_tag","embeddable":true,"href":"https:\/\/www.os-slivnica.si\/index.php?rest_route=%2Fwp%2Fv2%2Ftags&post=7941"}],"curies":[{"name":"wp","href":"https:\/\/api.w.org\/{rel}","templated":true}]}}