{"id":7933,"date":"2018-11-08T13:11:59","date_gmt":"2018-11-08T12:11:59","guid":{"rendered":"http:\/\/slivnica.splet.arnes.si\/?p=7933"},"modified":"2018-11-08T13:11:59","modified_gmt":"2018-11-08T12:11:59","slug":"trznica-poklicev-2","status":"publish","type":"post","link":"https:\/\/www.os-slivnica.si\/?p=7933","title":{"rendered":"Tr\u017enica poklicev"},"content":{"rendered":"<p><a href=\"http:\/\/slivnica.splet.arnes.si\/files\/2018\/11\/vabilo-trznica-poklicev-2018-WEB1.jpg\"><img loading=\"lazy\" decoding=\"async\" class=\"alignnone  wp-image-7935\" src=\"http:\/\/slivnica.splet.arnes.si\/files\/2018\/11\/vabilo-trznica-poklicev-2018-WEB1-300x212.jpg\" alt=\"\" width=\"411\" height=\"290\" srcset=\"https:\/\/www.os-slivnica.si\/files\/2018\/11\/vabilo-trznica-poklicev-2018-WEB1-300x212.jpg 300w, https:\/\/www.os-slivnica.si\/files\/2018\/11\/vabilo-trznica-poklicev-2018-WEB1-768x543.jpg 768w, https:\/\/www.os-slivnica.si\/files\/2018\/11\/vabilo-trznica-poklicev-2018-WEB1-1024x724.jpg 1024w, https:\/\/www.os-slivnica.si\/files\/2018\/11\/vabilo-trznica-poklicev-2018-WEB1-1080x763.jpg 1080w, https:\/\/www.os-slivnica.si\/files\/2018\/11\/vabilo-trznica-poklicev-2018-WEB1.jpg 1200w\" sizes=\"(max-width: 411px) 100vw, 411px\" \/><\/a><\/p>\n<p><strong>V \u010detrtek, 15. 11. 2018 ob 17. uri,<\/strong> bo potekala v \u0161portni dvorani O\u0160 Hru\u0161evec v \u0160entjurju \u017ee 10. prireditev <strong>Tr\u017enica poklicev<\/strong>, ki ima letos naslov <strong>GRADIM KARIERO<\/strong>. Prireditev je namenjena u\u010dencem 7., 8. in 9. razredov osnovnih \u0161ol v ob\u010dinah \u0160entjur in Dobje in njihovim star\u0161em. Izvedeli boste vse, kar vas zanima o vpisu v srednjo \u0161olo in\u00a0 programih, ki jih izvajajo, gostje pa bodo radi odgovorili tudi na va\u0161a vpra\u0161anja. Pridite, ne bo vam \u017eal!<\/p>\n<p>Vljudno vabljeni.<\/p>\n","protected":false},"excerpt":{"rendered":"<p>V \u010detrtek, 15. 11. 2018 ob 17. uri, bo potekala v \u0161portni dvorani O\u0160 Hru\u0161evec v \u0160entjurju \u017ee 10. prireditev Tr\u017enica poklicev, ki ima letos naslov GRADIM KARIERO. Prireditev je namenjena u\u010dencem 7., 8. in 9. razredov osnovnih \u0161ol v ob\u010dinah \u0160entjur in Dobje in njihovim star\u0161em. Izvedeli boste vse, kar vas zanima o vpisu [&hellip;]<\/p>\n","protected":false},"author":7100,"featured_media":0,"comment_status":"closed","ping_status":"closed","sticky":false,"template":"","format":"standard","meta":{"_et_pb_use_builder":"","_et_pb_old_content":"","_et_gb_content_width":"","ngg_post_thumbnail":0,"footnotes":"","_expiration-date-status":"","_expiration-date":0,"_expiration-date-type":"","_expiration-date-categories":[],"_expiration-date-options":[]},"categories":[9],"tags":[],"class_list":["post-7933","post","type-post","status-publish","format-standard","hentry","category-aktualno","et-doesnt-have-format-content","et_post_format-et-post-format-standard"],"_links":{"self":[{"href":"https:\/\/www.os-slivnica.si\/index.php?rest_route=\/wp\/v2\/posts\/7933","targetHints":{"allow":["GET"]}}],"collection":[{"href":"https:\/\/www.os-slivnica.si\/index.php?rest_route=\/wp\/v2\/posts"}],"about":[{"href":"https:\/\/www.os-slivnica.si\/index.php?rest_route=\/wp\/v2\/types\/post"}],"author":[{"embeddable":true,"href":"https:\/\/www.os-slivnica.si\/index.php?rest_route=\/wp\/v2\/users\/7100"}],"replies":[{"embeddable":true,"href":"https:\/\/www.os-slivnica.si\/index.php?rest_route=%2Fwp%2Fv2%2Fcomments&post=7933"}],"version-history":[{"count":1,"href":"https:\/\/www.os-slivnica.si\/index.php?rest_route=\/wp\/v2\/posts\/7933\/revisions"}],"predecessor-version":[{"id":7937,"href":"https:\/\/www.os-slivnica.si\/index.php?rest_route=\/wp\/v2\/posts\/7933\/revisions\/7937"}],"wp:attachment":[{"href":"https:\/\/www.os-slivnica.si\/index.php?rest_route=%2Fwp%2Fv2%2Fmedia&parent=7933"}],"wp:term":[{"taxonomy":"category","embeddable":true,"href":"https:\/\/www.os-slivnica.si\/index.php?rest_route=%2Fwp%2Fv2%2Fcategories&post=7933"},{"taxonomy":"post_tag","embeddable":true,"href":"https:\/\/www.os-slivnica.si\/index.php?rest_route=%2Fwp%2Fv2%2Ftags&post=7933"}],"curies":[{"name":"wp","href":"https:\/\/api.w.org\/{rel}","templated":true}]}}