{"id":7857,"date":"2018-10-26T15:33:10","date_gmt":"2018-10-26T13:33:10","guid":{"rendered":"http:\/\/slivnica.splet.arnes.si\/?p=7857"},"modified":"2018-10-26T15:33:10","modified_gmt":"2018-10-26T13:33:10","slug":"bralni-teden-pred-jesenskimi-pocitnicami","status":"publish","type":"post","link":"https:\/\/www.os-slivnica.si\/?p=7857","title":{"rendered":"Bralni teden pred jesenskimi po\u010ditnicami"},"content":{"rendered":"<p>V tednu pred jesenskimi po\u010ditnicami, med 22. in 26. oktobrom 2018, smo na mati\u010dni \u0161oli in na obeh podru\u017enicah organizirali bralni\u00a0 teden. Brali smo vsi, u\u010denci in u\u010ditelji, praviloma zadnjih 10 minut pri vsaki u\u010dni uri. Mlaj\u0161im u\u010dencem so brale u\u010diteljice. Brali smo lahko knjige po lastnem izboru. Nekateri smo prebirali pustolovske knjige, drugi sme\u0161ne zgodbe, tretji stripe, \u010detrti pou\u010dne knjige &#8230; V bralnem tednu smo spodbudili obiskovanje knji\u017enice, razgovore o knjigah in pri\u017eigali bralno zanimanje. Precej u\u010dencev je knjige predstavilo tudi svojim mentoricam za bralno zna\u010dko.ngg_shortcode_0_placeholder<\/p>\n","protected":false},"excerpt":{"rendered":"<p>V tednu pred jesenskimi po\u010ditnicami, med 22. in 26. oktobrom 2018, smo na mati\u010dni \u0161oli in na obeh podru\u017enicah organizirali bralni\u00a0 teden. Brali smo vsi, u\u010denci in u\u010ditelji, praviloma zadnjih 10 minut pri vsaki u\u010dni uri. Mlaj\u0161im u\u010dencem so brale u\u010diteljice. Brali smo lahko knjige po lastnem izboru. Nekateri smo prebirali pustolovske knjige, drugi sme\u0161ne [&hellip;]<\/p>\n","protected":false},"author":4050,"featured_media":0,"comment_status":"closed","ping_status":"closed","sticky":false,"template":"","format":"standard","meta":{"_et_pb_use_builder":"","_et_pb_old_content":"","_et_gb_content_width":"","ngg_post_thumbnail":0,"footnotes":"","_expiration-date-status":"","_expiration-date":0,"_expiration-date-type":"","_expiration-date-categories":[],"_expiration-date-options":[]},"categories":[9],"tags":[],"class_list":["post-7857","post","type-post","status-publish","format-standard","hentry","category-aktualno","et-doesnt-have-format-content","et_post_format-et-post-format-standard"],"_links":{"self":[{"href":"https:\/\/www.os-slivnica.si\/index.php?rest_route=\/wp\/v2\/posts\/7857","targetHints":{"allow":["GET"]}}],"collection":[{"href":"https:\/\/www.os-slivnica.si\/index.php?rest_route=\/wp\/v2\/posts"}],"about":[{"href":"https:\/\/www.os-slivnica.si\/index.php?rest_route=\/wp\/v2\/types\/post"}],"author":[{"embeddable":true,"href":"https:\/\/www.os-slivnica.si\/index.php?rest_route=\/wp\/v2\/users\/4050"}],"replies":[{"embeddable":true,"href":"https:\/\/www.os-slivnica.si\/index.php?rest_route=%2Fwp%2Fv2%2Fcomments&post=7857"}],"version-history":[{"count":3,"href":"https:\/\/www.os-slivnica.si\/index.php?rest_route=\/wp\/v2\/posts\/7857\/revisions"}],"predecessor-version":[{"id":7863,"href":"https:\/\/www.os-slivnica.si\/index.php?rest_route=\/wp\/v2\/posts\/7857\/revisions\/7863"}],"wp:attachment":[{"href":"https:\/\/www.os-slivnica.si\/index.php?rest_route=%2Fwp%2Fv2%2Fmedia&parent=7857"}],"wp:term":[{"taxonomy":"category","embeddable":true,"href":"https:\/\/www.os-slivnica.si\/index.php?rest_route=%2Fwp%2Fv2%2Fcategories&post=7857"},{"taxonomy":"post_tag","embeddable":true,"href":"https:\/\/www.os-slivnica.si\/index.php?rest_route=%2Fwp%2Fv2%2Ftags&post=7857"}],"curies":[{"name":"wp","href":"https:\/\/api.w.org\/{rel}","templated":true}]}}