{"id":7843,"date":"2018-10-26T12:59:21","date_gmt":"2018-10-26T10:59:21","guid":{"rendered":"http:\/\/slivnica.splet.arnes.si\/?p=7843"},"modified":"2018-10-26T17:09:32","modified_gmt":"2018-10-26T15:09:32","slug":"komemoracija-na-prevorju-2","status":"publish","type":"post","link":"https:\/\/www.os-slivnica.si\/?p=7843","title":{"rendered":"Komemoracija na Prevorju"},"content":{"rendered":"<p style=\"text-align: center\"><strong>\u00a0<em> Pri<\/em><\/strong><em><strong>\u017egimo si l<\/strong><strong>u\u010dke,<\/strong><\/em><\/p>\n<p style=\"text-align: center\"><span style=\"color: #ff6600\"><em>naj nam svetijo,<\/em><\/span><\/p>\n<p style=\"text-align: center\"><em><strong>da la\u017eje po pravi<\/strong><\/em><\/p>\n<p style=\"text-align: center\"><strong>\u00a0\u00a0\u00a0\u00a0\u00a0\u00a0\u00a0\u00a0\u00a0\u00a0\u00a0<\/strong><span style=\"color: #ff6600\"><em> poti hodimo<\/em>.<\/span><em> (L. Kupper)<\/em><\/p>\n<p style=\"text-align: left\">S kulturnim programom in kraj\u0161im govorom <strong>vojnega veterana g. Mirka Pajka,<\/strong> pri\u017eigom sve\u010dk in cvetjem, smo se padlim borcem pri spomeniku, poklonili tudi na Prevorju.<\/p>\n<p style=\"text-align: left\">ngg_shortcode_0_placeholder<\/p>\n","protected":false},"excerpt":{"rendered":"<p>\u00a0 Pri\u017egimo si lu\u010dke, naj nam svetijo, da la\u017eje po pravi \u00a0\u00a0\u00a0\u00a0\u00a0\u00a0\u00a0\u00a0\u00a0\u00a0\u00a0 poti hodimo. (L. Kupper) S kulturnim programom in kraj\u0161im govorom vojnega veterana g. Mirka Pajka, pri\u017eigom sve\u010dk in cvetjem, smo se padlim borcem pri spomeniku, poklonili tudi na Prevorju.<\/p>\n","protected":false},"author":6009,"featured_media":0,"comment_status":"closed","ping_status":"closed","sticky":false,"template":"","format":"standard","meta":{"_et_pb_use_builder":"","_et_pb_old_content":"","_et_gb_content_width":"","ngg_post_thumbnail":0,"footnotes":"","_expiration-date-status":"","_expiration-date":0,"_expiration-date-type":"","_expiration-date-categories":[],"_expiration-date-options":[]},"categories":[11],"tags":[],"class_list":["post-7843","post","type-post","status-publish","format-standard","hentry","category-ps-prevorje","et-doesnt-have-format-content","et_post_format-et-post-format-standard"],"_links":{"self":[{"href":"https:\/\/www.os-slivnica.si\/index.php?rest_route=\/wp\/v2\/posts\/7843","targetHints":{"allow":["GET"]}}],"collection":[{"href":"https:\/\/www.os-slivnica.si\/index.php?rest_route=\/wp\/v2\/posts"}],"about":[{"href":"https:\/\/www.os-slivnica.si\/index.php?rest_route=\/wp\/v2\/types\/post"}],"author":[{"embeddable":true,"href":"https:\/\/www.os-slivnica.si\/index.php?rest_route=\/wp\/v2\/users\/6009"}],"replies":[{"embeddable":true,"href":"https:\/\/www.os-slivnica.si\/index.php?rest_route=%2Fwp%2Fv2%2Fcomments&post=7843"}],"version-history":[{"count":7,"href":"https:\/\/www.os-slivnica.si\/index.php?rest_route=\/wp\/v2\/posts\/7843\/revisions"}],"predecessor-version":[{"id":7873,"href":"https:\/\/www.os-slivnica.si\/index.php?rest_route=\/wp\/v2\/posts\/7843\/revisions\/7873"}],"wp:attachment":[{"href":"https:\/\/www.os-slivnica.si\/index.php?rest_route=%2Fwp%2Fv2%2Fmedia&parent=7843"}],"wp:term":[{"taxonomy":"category","embeddable":true,"href":"https:\/\/www.os-slivnica.si\/index.php?rest_route=%2Fwp%2Fv2%2Fcategories&post=7843"},{"taxonomy":"post_tag","embeddable":true,"href":"https:\/\/www.os-slivnica.si\/index.php?rest_route=%2Fwp%2Fv2%2Ftags&post=7843"}],"curies":[{"name":"wp","href":"https:\/\/api.w.org\/{rel}","templated":true}]}}