{"id":7821,"date":"2018-10-24T06:51:44","date_gmt":"2018-10-24T04:51:44","guid":{"rendered":"http:\/\/slivnica.splet.arnes.si\/?p=7821"},"modified":"2018-10-24T06:51:44","modified_gmt":"2018-10-24T04:51:44","slug":"tretji-razred-v-gorici-obiskala-krizko-in-rdecka","status":"publish","type":"post","link":"https:\/\/www.os-slivnica.si\/?p=7821","title":{"rendered":"Tretji razred v Gorici obiskala Kri\u017eko in Rde\u010dka"},"content":{"rendered":"<p>V torek, 23. 10. 2018, sta nas obiskali predstavnici RK \u0160entjur. S seboj sta pripeljali tudi Kri\u017eka in Rde\u010dko. Ob njuni pomo\u010di smo se u\u010denci 3. razreda u\u010dili osnov prve pomo\u010di: kako zaustaviti mo\u010dno krvavitev, kako oskrbeti odrgnine, kako imobilizirati prst, roko, nogo \u2026 Zdaj vemo, kaj pomeni in kako se naredi kompresijska obveza, kako pravilno zave\u017eemo ruto pestovalnico in \u0161e marsikaj.ngg_shortcode_0_placeholder<\/p>\n","protected":false},"excerpt":{"rendered":"<p>V torek, 23. 10. 2018, sta nas obiskali predstavnici RK \u0160entjur. S seboj sta pripeljali tudi Kri\u017eka in Rde\u010dko. Ob njuni pomo\u010di smo se u\u010denci 3. razreda u\u010dili osnov prve pomo\u010di: kako zaustaviti mo\u010dno krvavitev, kako oskrbeti odrgnine, kako imobilizirati prst, roko, nogo \u2026 Zdaj vemo, kaj pomeni in kako se naredi kompresijska obveza, kako [&hellip;]<\/p>\n","protected":false},"author":6599,"featured_media":0,"comment_status":"closed","ping_status":"closed","sticky":false,"template":"","format":"standard","meta":{"_et_pb_use_builder":"","_et_pb_old_content":"","_et_gb_content_width":"","ngg_post_thumbnail":0,"footnotes":"","_expiration-date-status":"","_expiration-date":0,"_expiration-date-type":"","_expiration-date-categories":[],"_expiration-date-options":[]},"categories":[9],"tags":[],"class_list":["post-7821","post","type-post","status-publish","format-standard","hentry","category-aktualno","et-doesnt-have-format-content","et_post_format-et-post-format-standard"],"_links":{"self":[{"href":"https:\/\/www.os-slivnica.si\/index.php?rest_route=\/wp\/v2\/posts\/7821","targetHints":{"allow":["GET"]}}],"collection":[{"href":"https:\/\/www.os-slivnica.si\/index.php?rest_route=\/wp\/v2\/posts"}],"about":[{"href":"https:\/\/www.os-slivnica.si\/index.php?rest_route=\/wp\/v2\/types\/post"}],"author":[{"embeddable":true,"href":"https:\/\/www.os-slivnica.si\/index.php?rest_route=\/wp\/v2\/users\/6599"}],"replies":[{"embeddable":true,"href":"https:\/\/www.os-slivnica.si\/index.php?rest_route=%2Fwp%2Fv2%2Fcomments&post=7821"}],"version-history":[{"count":1,"href":"https:\/\/www.os-slivnica.si\/index.php?rest_route=\/wp\/v2\/posts\/7821\/revisions"}],"predecessor-version":[{"id":7823,"href":"https:\/\/www.os-slivnica.si\/index.php?rest_route=\/wp\/v2\/posts\/7821\/revisions\/7823"}],"wp:attachment":[{"href":"https:\/\/www.os-slivnica.si\/index.php?rest_route=%2Fwp%2Fv2%2Fmedia&parent=7821"}],"wp:term":[{"taxonomy":"category","embeddable":true,"href":"https:\/\/www.os-slivnica.si\/index.php?rest_route=%2Fwp%2Fv2%2Fcategories&post=7821"},{"taxonomy":"post_tag","embeddable":true,"href":"https:\/\/www.os-slivnica.si\/index.php?rest_route=%2Fwp%2Fv2%2Ftags&post=7821"}],"curies":[{"name":"wp","href":"https:\/\/api.w.org\/{rel}","templated":true}]}}