{"id":7767,"date":"2018-10-18T08:05:40","date_gmt":"2018-10-18T06:05:40","guid":{"rendered":"http:\/\/slivnica.splet.arnes.si\/?p=7767"},"modified":"2018-10-18T08:07:41","modified_gmt":"2018-10-18T06:07:41","slug":"teden-otroka-v-loki-2","status":"publish","type":"post","link":"https:\/\/www.os-slivnica.si\/?p=7767","title":{"rendered":"Teden otroka v Loki"},"content":{"rendered":"<p>V tednu otroka smo izvajali razli\u010dne dejavnosti, ki so nam popestrile pre\u017eiveti \u010das na \u0161oli. Bilo je zabavno, delovno in aktivno.<\/p>\n<p>Dru\u017eili smo se z vrt\u010devskimi otroki in jim prebirali pravljice ter se z njimi odpravili na sprehod. Prav tako smo izdelovali izdelke iz jesenskih plodov. Z njimi smo tudi okrasili majhen prostor pred \u0161olo, ki nas spominja na jesenski \u010das. Posladkali smo se s kuhanim kostanjem in se igrali s svojimi najljub\u0161imi igra\u010dami. Pripravili smo si razredni kino in si spekli kokice. Vsak dan pa smo se gibali na sve\u017eem zraku in se igrali razli\u010dne igre.<\/p>\n<p>Ugotovili smo, da je kvalitetno pre\u017eivljanje prostega \u010dasa zelo pomembno.<\/p>\nngg_shortcode_0_placeholder\n","protected":false},"excerpt":{"rendered":"<p>V tednu otroka smo izvajali razli\u010dne dejavnosti, ki so nam popestrile pre\u017eiveti \u010das na \u0161oli. Bilo je zabavno, delovno in aktivno. Dru\u017eili smo se z vrt\u010devskimi otroki in jim prebirali pravljice ter se z njimi odpravili na sprehod. Prav tako smo izdelovali izdelke iz jesenskih plodov. Z njimi smo tudi okrasili majhen prostor pred \u0161olo, [&hellip;]<\/p>\n","protected":false},"author":6597,"featured_media":0,"comment_status":"closed","ping_status":"closed","sticky":false,"template":"","format":"standard","meta":{"_et_pb_use_builder":"","_et_pb_old_content":"","_et_gb_content_width":"","ngg_post_thumbnail":0,"footnotes":"","_expiration-date-status":"","_expiration-date":0,"_expiration-date-type":"","_expiration-date-categories":[],"_expiration-date-options":[]},"categories":[9,10],"tags":[],"class_list":["post-7767","post","type-post","status-publish","format-standard","hentry","category-aktualno","category-ps-loka","et-doesnt-have-format-content","et_post_format-et-post-format-standard"],"_links":{"self":[{"href":"https:\/\/www.os-slivnica.si\/index.php?rest_route=\/wp\/v2\/posts\/7767","targetHints":{"allow":["GET"]}}],"collection":[{"href":"https:\/\/www.os-slivnica.si\/index.php?rest_route=\/wp\/v2\/posts"}],"about":[{"href":"https:\/\/www.os-slivnica.si\/index.php?rest_route=\/wp\/v2\/types\/post"}],"author":[{"embeddable":true,"href":"https:\/\/www.os-slivnica.si\/index.php?rest_route=\/wp\/v2\/users\/6597"}],"replies":[{"embeddable":true,"href":"https:\/\/www.os-slivnica.si\/index.php?rest_route=%2Fwp%2Fv2%2Fcomments&post=7767"}],"version-history":[{"count":2,"href":"https:\/\/www.os-slivnica.si\/index.php?rest_route=\/wp\/v2\/posts\/7767\/revisions"}],"predecessor-version":[{"id":7771,"href":"https:\/\/www.os-slivnica.si\/index.php?rest_route=\/wp\/v2\/posts\/7767\/revisions\/7771"}],"wp:attachment":[{"href":"https:\/\/www.os-slivnica.si\/index.php?rest_route=%2Fwp%2Fv2%2Fmedia&parent=7767"}],"wp:term":[{"taxonomy":"category","embeddable":true,"href":"https:\/\/www.os-slivnica.si\/index.php?rest_route=%2Fwp%2Fv2%2Fcategories&post=7767"},{"taxonomy":"post_tag","embeddable":true,"href":"https:\/\/www.os-slivnica.si\/index.php?rest_route=%2Fwp%2Fv2%2Ftags&post=7767"}],"curies":[{"name":"wp","href":"https:\/\/api.w.org\/{rel}","templated":true}]}}