{"id":7737,"date":"2018-10-16T08:17:04","date_gmt":"2018-10-16T06:17:04","guid":{"rendered":"http:\/\/slivnica.splet.arnes.si\/?p=7737"},"modified":"2018-10-16T08:54:13","modified_gmt":"2018-10-16T06:54:13","slug":"ko-se-teden-otroka-kar-ne-konca-prevorje","status":"publish","type":"post","link":"https:\/\/www.os-slivnica.si\/?p=7737","title":{"rendered":"KO SE TEDEN OTROKA KAR NE KON\u010cA\u2026 (Prevorje)"},"content":{"rendered":"<p>Tema leto\u0161njega Tedna otroka je <strong>prosti \u010das<\/strong>. Kaj pa je prosti \u010das?<\/p>\n<p><span style=\"color: #003366\">To je <strong>\u010das za po\u010ditek<\/strong> in <strong>\u010das, ki si ga organizira\u0161 po svoje<\/strong>; je \u010das, ko sam poi\u0161\u010de\u0161 tisto, kar <strong>te veseli<\/strong> in <strong>navdu\u0161uje<\/strong>. <u>Pa ga otroci imajo<\/u>?<\/span><\/p>\n<p>&nbsp;<\/p>\n<p>V <u>podalj\u0161anem bivanju<\/u> smo veliko razmi\u0161ljali o prostem \u010dasu in otroci so podali nekaj idej, kaj bi po\u010deli v prostem \u010dasu. Nekaj aktivnosti smo uresni\u010dili:<\/p>\n<ul>\n<li>Samostojna, prosta igra,<\/li>\n<li>igra z vrstniki,<\/li>\n<li>aktivnosti na prostem,<\/li>\n<li>raziskovanje,<\/li>\n<li>poslu\u0161anje najljub\u0161e glasbe,<\/li>\n<li>ples,<\/li>\n<li>praznovanje rojstnih dni,<\/li>\n<li>peka kostanja, ki so ga sami nabrali\u2026<\/li>\n<\/ul>\n<p>&nbsp;<\/p>\n<p>Izvedli smo tudi nekaj aktivnosti <span style=\"color: #ff0000\"><strong>Rde\u010dega kri\u017ea<\/strong><\/span>: Humanitarno akcijo <strong>Drobtinica,<\/strong> ki je bila izjemno uspe\u0161na. <strong>Jasmina Levi\u010dar<\/strong> je izvedla citrarsko delavnico, kjer so se otroci lahko preizkusili v igranju ljudskega glasbila. <strong>Manja Koren Kodele<\/strong> pa je izvedla dve likovni delavnici: <em>Prisluhni in nari\u0161i<\/em>, kjer so se otroci urili v \u010duje\u010dnosti ter delavnico <em>Pablo<\/em> <em>Picasso se predstavi, <\/em>na kateri so poustvarjali dela najslavnej\u0161ega likovnega umetnika 20. stoletja. Hvala obema izvajalkama.<\/p>\n<p>&nbsp;<\/p>\n<p>Na dana\u0161nji dan, 16. 10. 2018, pa smo obele\u017eili <span style=\"color: #339966\"><strong>svetovni dan hrane<\/strong><\/span> s tombolo \u00bb<span style=\"color: #339966\"><em>Jaz tebi, ti meni<\/em>\u00ab<\/span>. Vsak je prinesel kak\u0161en doma\u010d pridelek in z igro na sre\u010do dobil pridelek nekoga drugega.<\/p>\n<p>&nbsp;<\/p>\n<p style=\"text-align: center\">Kot je napisal \u017ee Feri Lain\u0161\u010dek:<\/p>\n<p style=\"text-align: center\"><em>\u017delimo si \u010das za otro\u0161ko veselje, <\/em><\/p>\n<p style=\"text-align: center\"><em>za dru\u017ebo, igro, noro zabavo,<\/em><\/p>\n<p style=\"text-align: center\"><em>za mo\u017enost, da v\u010dasih gremo po svoje,<\/em><\/p>\n<p style=\"text-align: center\"><em>in polni nemira se zleknemo v travo<\/em>.<\/p>\n<p style=\"text-align: center\">ngg_shortcode_0_placeholder<\/p>\n","protected":false},"excerpt":{"rendered":"<p>Tema leto\u0161njega Tedna otroka je prosti \u010das. Kaj pa je prosti \u010das? To je \u010das za po\u010ditek in \u010das, ki si ga organizira\u0161 po svoje; je \u010das, ko sam poi\u0161\u010de\u0161 tisto, kar te veseli in navdu\u0161uje. Pa ga otroci imajo? &nbsp; V podalj\u0161anem bivanju smo veliko razmi\u0161ljali o prostem \u010dasu in otroci so podali nekaj [&hellip;]<\/p>\n","protected":false},"author":7958,"featured_media":0,"comment_status":"closed","ping_status":"closed","sticky":false,"template":"","format":"standard","meta":{"_et_pb_use_builder":"","_et_pb_old_content":"","_et_gb_content_width":"","ngg_post_thumbnail":0,"footnotes":"","_expiration-date-status":"","_expiration-date":0,"_expiration-date-type":"","_expiration-date-categories":[],"_expiration-date-options":[]},"categories":[9,11],"tags":[],"class_list":["post-7737","post","type-post","status-publish","format-standard","hentry","category-aktualno","category-ps-prevorje","et-doesnt-have-format-content","et_post_format-et-post-format-standard"],"_links":{"self":[{"href":"https:\/\/www.os-slivnica.si\/index.php?rest_route=\/wp\/v2\/posts\/7737","targetHints":{"allow":["GET"]}}],"collection":[{"href":"https:\/\/www.os-slivnica.si\/index.php?rest_route=\/wp\/v2\/posts"}],"about":[{"href":"https:\/\/www.os-slivnica.si\/index.php?rest_route=\/wp\/v2\/types\/post"}],"author":[{"embeddable":true,"href":"https:\/\/www.os-slivnica.si\/index.php?rest_route=\/wp\/v2\/users\/7958"}],"replies":[{"embeddable":true,"href":"https:\/\/www.os-slivnica.si\/index.php?rest_route=%2Fwp%2Fv2%2Fcomments&post=7737"}],"version-history":[{"count":3,"href":"https:\/\/www.os-slivnica.si\/index.php?rest_route=\/wp\/v2\/posts\/7737\/revisions"}],"predecessor-version":[{"id":7743,"href":"https:\/\/www.os-slivnica.si\/index.php?rest_route=\/wp\/v2\/posts\/7737\/revisions\/7743"}],"wp:attachment":[{"href":"https:\/\/www.os-slivnica.si\/index.php?rest_route=%2Fwp%2Fv2%2Fmedia&parent=7737"}],"wp:term":[{"taxonomy":"category","embeddable":true,"href":"https:\/\/www.os-slivnica.si\/index.php?rest_route=%2Fwp%2Fv2%2Fcategories&post=7737"},{"taxonomy":"post_tag","embeddable":true,"href":"https:\/\/www.os-slivnica.si\/index.php?rest_route=%2Fwp%2Fv2%2Ftags&post=7737"}],"curies":[{"name":"wp","href":"https:\/\/api.w.org\/{rel}","templated":true}]}}