{"id":7731,"date":"2018-10-15T18:49:57","date_gmt":"2018-10-15T16:49:57","guid":{"rendered":"http:\/\/slivnica.splet.arnes.si\/?p=7731"},"modified":"2018-10-15T18:49:57","modified_gmt":"2018-10-15T16:49:57","slug":"vaja-evakuacije-na-prevorju-2","status":"publish","type":"post","link":"https:\/\/www.os-slivnica.si\/?p=7731","title":{"rendered":"Vaja evakuacije na Prevorju"},"content":{"rendered":"<p><img loading=\"lazy\" decoding=\"async\" class=\"irc_mi aligncenter\" src=\"http:\/\/designatprinting.com\/wp-content\/uploads\/6png-clip-art-fire-prevention-and-firemen-fireman-clipart-1024-1018-15.png\" alt=\"Rezultat iskanja slik za fire man picture\" width=\"164\" height=\"163\" \/><\/p>\n<p>Tudi letos smo <strong>vajo evakuacije<\/strong> izvedli v sodelovanju z <strong>gasilcema PGD Prevorje<\/strong>, <em>g. Bo\u0161tjanom<\/em> in <em>g. Radovanom.<\/em><\/p>\n<p>U\u010denci so bili vnaprej obve\u0161\u010deni, da gre za vajo, s katero se bodo nau\u010dili, <strong>kako ravnati v primeru po\u017eara<\/strong>. Na <strong>zbirnem<\/strong> <strong>mestu<\/strong> smo pregledali, \u010de smo vsi evakuirani in <strong>vajo ocenili za uspe\u0161no izvedeno.<\/strong><br \/>\nVe\u010d zanimanja kot za samo vajo evakuacije, pa je bilo <strong>za gasilski vozili <\/strong>na \u0161olskem dvori\u0161\u010du. Tam sta nam prijazna gasilca PGD Prevorje, predstavila opremo gasilskih vozil in na\u0161tela<strong> veliko zanimivosti iz svojega prostovoljnega in plemenitega dela.<\/strong> Sledila je <strong>demonstracija ga\u0161enja,<\/strong> nad katero so bili vsi ve\u010d kot navdu\u0161eni.<\/p>\n<p>Skupaj z gasilcema PGD Prevorje smo pre\u017eiveli zelo pou\u010dno in razgibano dopoldne. Za prijazno predstavitev se jima lepo zahvaljujemo in ju vabimo, da se nam prihodnje leto zopet pridru\u017eita.<\/p>\n<p style=\"text-align: center\">ngg_shortcode_0_placeholder<\/p>\n<p>T<\/p>\n","protected":false},"excerpt":{"rendered":"<p>Tudi letos smo vajo evakuacije izvedli v sodelovanju z gasilcema PGD Prevorje, g. Bo\u0161tjanom in g. Radovanom. U\u010denci so bili vnaprej obve\u0161\u010deni, da gre za vajo, s katero se bodo nau\u010dili, kako ravnati v primeru po\u017eara. Na zbirnem mestu smo pregledali, \u010de smo vsi evakuirani in vajo ocenili za uspe\u0161no izvedeno. Ve\u010d zanimanja kot za [&hellip;]<\/p>\n","protected":false},"author":6009,"featured_media":0,"comment_status":"closed","ping_status":"closed","sticky":false,"template":"","format":"standard","meta":{"_et_pb_use_builder":"","_et_pb_old_content":"","_et_gb_content_width":"","ngg_post_thumbnail":0,"footnotes":"","_expiration-date-status":"","_expiration-date":0,"_expiration-date-type":"","_expiration-date-categories":[],"_expiration-date-options":[]},"categories":[11],"tags":[],"class_list":["post-7731","post","type-post","status-publish","format-standard","hentry","category-ps-prevorje","et-doesnt-have-format-content","et_post_format-et-post-format-standard"],"_links":{"self":[{"href":"https:\/\/www.os-slivnica.si\/index.php?rest_route=\/wp\/v2\/posts\/7731","targetHints":{"allow":["GET"]}}],"collection":[{"href":"https:\/\/www.os-slivnica.si\/index.php?rest_route=\/wp\/v2\/posts"}],"about":[{"href":"https:\/\/www.os-slivnica.si\/index.php?rest_route=\/wp\/v2\/types\/post"}],"author":[{"embeddable":true,"href":"https:\/\/www.os-slivnica.si\/index.php?rest_route=\/wp\/v2\/users\/6009"}],"replies":[{"embeddable":true,"href":"https:\/\/www.os-slivnica.si\/index.php?rest_route=%2Fwp%2Fv2%2Fcomments&post=7731"}],"version-history":[{"count":1,"href":"https:\/\/www.os-slivnica.si\/index.php?rest_route=\/wp\/v2\/posts\/7731\/revisions"}],"predecessor-version":[{"id":7733,"href":"https:\/\/www.os-slivnica.si\/index.php?rest_route=\/wp\/v2\/posts\/7731\/revisions\/7733"}],"wp:attachment":[{"href":"https:\/\/www.os-slivnica.si\/index.php?rest_route=%2Fwp%2Fv2%2Fmedia&parent=7731"}],"wp:term":[{"taxonomy":"category","embeddable":true,"href":"https:\/\/www.os-slivnica.si\/index.php?rest_route=%2Fwp%2Fv2%2Fcategories&post=7731"},{"taxonomy":"post_tag","embeddable":true,"href":"https:\/\/www.os-slivnica.si\/index.php?rest_route=%2Fwp%2Fv2%2Ftags&post=7731"}],"curies":[{"name":"wp","href":"https:\/\/api.w.org\/{rel}","templated":true}]}}