{"id":7707,"date":"2018-10-13T13:18:47","date_gmt":"2018-10-13T11:18:47","guid":{"rendered":"http:\/\/slivnica.splet.arnes.si\/?p=7707"},"modified":"2018-10-13T13:31:26","modified_gmt":"2018-10-13T11:31:26","slug":"odprtje-energetsko-prenovljene-sole-parkirisca-in-dovozne-ceste","status":"publish","type":"post","link":"https:\/\/www.os-slivnica.si\/?p=7707","title":{"rendered":"Odprtje energetsko prenovljene \u0161ole, parkiri\u0161\u010da in dovozne ceste"},"content":{"rendered":"<p>V novem \u0161olskem letu nas je na\u0161a \u0161ola pri\u010dakala v novi podobi, ki smo jo u\u010denci in zaposleni na na\u0161i \u0161oli nestrpno in \u017eeljno pri\u010dakovali. Na odprtju energetsko prenovljene \u0161ole, zunanje ureditve \u0161ole, parkiri\u0161\u010da in dovozne ceste smo se zbrali v soboto, 13. 10. 2018. U\u010denci na\u0161e \u0161ole so skupaj z u\u010diteljicami mentoricami pripravili program, s katerim so obele\u017eili ta slovesen dogodek.<\/p>\n<p>S svojimi govori so nas na odprtju po\u010dastili \u017eupan Ob\u010dine \u0160entjur, mag. Marko Diaci, ravnateljica O\u0160 Slivnica pri Celju, prof. Marjeta Ko\u0161ak, predsednik KS Gorica pri Slivnici, g. Janez Pal\u010dnik, in predsednik komisije KS za priznanja, g. Drago Ke\u0161e. Uspe\u0161no zaklju\u010dene projekte Ob\u010dine \u0160entjur je blagoslovil tudi gospod \u017eupnik, Marko \u0160raml.<\/p>\n<p>In kaj menite o podobi na\u0161e \u0161ole vi? Prosimo, odgovorite na tri kratka vpra\u0161anja:<\/p>\n<p><strong><a href=\"https:\/\/goo.gl\/forms\/LbgCZtBOS2J3A1Ay2\" target=\"_blank\">https:\/\/goo.gl\/forms\/LbgCZtBOS2J3A1Ay2<\/a><\/strong><\/p>\nngg_shortcode_0_placeholder\n","protected":false},"excerpt":{"rendered":"<p>V novem \u0161olskem letu nas je na\u0161a \u0161ola pri\u010dakala v novi podobi, ki smo jo u\u010denci in zaposleni na na\u0161i \u0161oli nestrpno in \u017eeljno pri\u010dakovali. Na odprtju energetsko prenovljene \u0161ole, zunanje ureditve \u0161ole, parkiri\u0161\u010da in dovozne ceste smo se zbrali v soboto, 13. 10. 2018. U\u010denci na\u0161e \u0161ole so skupaj z u\u010diteljicami mentoricami pripravili program, [&hellip;]<\/p>\n","protected":false},"author":4243,"featured_media":0,"comment_status":"closed","ping_status":"closed","sticky":false,"template":"","format":"standard","meta":{"_et_pb_use_builder":"","_et_pb_old_content":"","_et_gb_content_width":"","ngg_post_thumbnail":0,"footnotes":"","_expiration-date-status":"","_expiration-date":0,"_expiration-date-type":"","_expiration-date-categories":[],"_expiration-date-options":[]},"categories":[9],"tags":[],"class_list":["post-7707","post","type-post","status-publish","format-standard","hentry","category-aktualno","et-doesnt-have-format-content","et_post_format-et-post-format-standard"],"_links":{"self":[{"href":"https:\/\/www.os-slivnica.si\/index.php?rest_route=\/wp\/v2\/posts\/7707","targetHints":{"allow":["GET"]}}],"collection":[{"href":"https:\/\/www.os-slivnica.si\/index.php?rest_route=\/wp\/v2\/posts"}],"about":[{"href":"https:\/\/www.os-slivnica.si\/index.php?rest_route=\/wp\/v2\/types\/post"}],"author":[{"embeddable":true,"href":"https:\/\/www.os-slivnica.si\/index.php?rest_route=\/wp\/v2\/users\/4243"}],"replies":[{"embeddable":true,"href":"https:\/\/www.os-slivnica.si\/index.php?rest_route=%2Fwp%2Fv2%2Fcomments&post=7707"}],"version-history":[{"count":5,"href":"https:\/\/www.os-slivnica.si\/index.php?rest_route=\/wp\/v2\/posts\/7707\/revisions"}],"predecessor-version":[{"id":7717,"href":"https:\/\/www.os-slivnica.si\/index.php?rest_route=\/wp\/v2\/posts\/7707\/revisions\/7717"}],"wp:attachment":[{"href":"https:\/\/www.os-slivnica.si\/index.php?rest_route=%2Fwp%2Fv2%2Fmedia&parent=7707"}],"wp:term":[{"taxonomy":"category","embeddable":true,"href":"https:\/\/www.os-slivnica.si\/index.php?rest_route=%2Fwp%2Fv2%2Fcategories&post=7707"},{"taxonomy":"post_tag","embeddable":true,"href":"https:\/\/www.os-slivnica.si\/index.php?rest_route=%2Fwp%2Fv2%2Ftags&post=7707"}],"curies":[{"name":"wp","href":"https:\/\/api.w.org\/{rel}","templated":true}]}}