{"id":7695,"date":"2018-10-12T12:51:41","date_gmt":"2018-10-12T10:51:41","guid":{"rendered":"http:\/\/slivnica.splet.arnes.si\/?p=7695"},"modified":"2018-10-15T11:43:03","modified_gmt":"2018-10-15T09:43:03","slug":"odprtje-energetsko-sanirane-sole-parkirisca-in-dovozne-ceste","status":"publish","type":"post","link":"https:\/\/www.os-slivnica.si\/?p=7695","title":{"rendered":"Vabilo &#8211; Odprtje energetsko sanirane \u0161ole, parkiri\u0161\u010da in dovozne ceste"},"content":{"rendered":"<p>V soboto <strong><u> 13. 10. 2018<\/u><\/strong><strong><u>,\u00a0 bo ob <\/u><\/strong><strong><u>10.<\/u><\/strong><strong><u> uri<\/u><\/strong><strong> na dvori\u0161\u010du \u0161ole slovesno <\/strong><strong>odprtje energetsko sanirane \u0161ole, prenovljenega parkiri\u0161\u010da in dovozne ceste<\/strong><strong>.<br \/>\n<\/strong><\/p>\n<p>Generalka bo ob 9. uri.<\/p>\n<p>\u0160olski prevoz ta dan ne bo organiziran, zato vas prosimo, da otroke pripeljete in se nam pridru\u017eite na na\u0161i prireditvi. Parkiri\u0161\u010de pri \u0161oli bo takrat \u017ee odprto, vendar vam zaradi velikega \u0161tevila obiskovalcev predlagamo, da parkirate v centru Gorice.<\/p>\n<p>Vljudno vabljeni vsi u\u010denci in star\u0161i ter krajani, saj je prireditev zdru\u017eena s praznikom KS Gorica pri Slivnici.\u00a0\u00a0\u00a0\u00a0\u00a0\u00a0\u00a0 \u00a0\u00a0\u00a0\u00a0\u00a0\u00a0\u00a0\u00a0\u00a0\u00a0\u00a0\u00a0\u00a0\u00a0\u00a0\u00a0\u00a0\u00a0 Ravnateljica Marjeta Ko\u0161ak<\/p>\n<p>&nbsp;<\/p>\n","protected":false},"excerpt":{"rendered":"<p>V soboto 13. 10. 2018,\u00a0 bo ob 10. uri na dvori\u0161\u010du \u0161ole slovesno odprtje energetsko sanirane \u0161ole, prenovljenega parkiri\u0161\u010da in dovozne ceste. Generalka bo ob 9. uri. \u0160olski prevoz ta dan ne bo organiziran, zato vas prosimo, da otroke pripeljete in se nam pridru\u017eite na na\u0161i prireditvi. Parkiri\u0161\u010de pri \u0161oli bo takrat \u017ee odprto, vendar [&hellip;]<\/p>\n","protected":false},"author":5705,"featured_media":0,"comment_status":"closed","ping_status":"closed","sticky":false,"template":"","format":"standard","meta":{"_et_pb_use_builder":"","_et_pb_old_content":"","_et_gb_content_width":"","ngg_post_thumbnail":0,"footnotes":"","_expiration-date-status":"","_expiration-date":0,"_expiration-date-type":"","_expiration-date-categories":[],"_expiration-date-options":[]},"categories":[9],"tags":[],"class_list":["post-7695","post","type-post","status-publish","format-standard","hentry","category-aktualno","et-doesnt-have-format-content","et_post_format-et-post-format-standard"],"_links":{"self":[{"href":"https:\/\/www.os-slivnica.si\/index.php?rest_route=\/wp\/v2\/posts\/7695","targetHints":{"allow":["GET"]}}],"collection":[{"href":"https:\/\/www.os-slivnica.si\/index.php?rest_route=\/wp\/v2\/posts"}],"about":[{"href":"https:\/\/www.os-slivnica.si\/index.php?rest_route=\/wp\/v2\/types\/post"}],"author":[{"embeddable":true,"href":"https:\/\/www.os-slivnica.si\/index.php?rest_route=\/wp\/v2\/users\/5705"}],"replies":[{"embeddable":true,"href":"https:\/\/www.os-slivnica.si\/index.php?rest_route=%2Fwp%2Fv2%2Fcomments&post=7695"}],"version-history":[{"count":4,"href":"https:\/\/www.os-slivnica.si\/index.php?rest_route=\/wp\/v2\/posts\/7695\/revisions"}],"predecessor-version":[{"id":7721,"href":"https:\/\/www.os-slivnica.si\/index.php?rest_route=\/wp\/v2\/posts\/7695\/revisions\/7721"}],"wp:attachment":[{"href":"https:\/\/www.os-slivnica.si\/index.php?rest_route=%2Fwp%2Fv2%2Fmedia&parent=7695"}],"wp:term":[{"taxonomy":"category","embeddable":true,"href":"https:\/\/www.os-slivnica.si\/index.php?rest_route=%2Fwp%2Fv2%2Fcategories&post=7695"},{"taxonomy":"post_tag","embeddable":true,"href":"https:\/\/www.os-slivnica.si\/index.php?rest_route=%2Fwp%2Fv2%2Ftags&post=7695"}],"curies":[{"name":"wp","href":"https:\/\/api.w.org\/{rel}","templated":true}]}}