{"id":7655,"date":"2018-10-09T07:15:33","date_gmt":"2018-10-09T05:15:33","guid":{"rendered":"http:\/\/slivnica.splet.arnes.si\/?p=7655"},"modified":"2018-10-09T07:15:33","modified_gmt":"2018-10-09T05:15:33","slug":"prvi-razred-ob-tednu-otroka","status":"publish","type":"post","link":"https:\/\/www.os-slivnica.si\/?p=7655","title":{"rendered":"Prvi razred ob tednu otroka"},"content":{"rendered":"<p>V ponedeljek, 8.10.2018, smo imeli delavnico s katero smo obele\u017eili Teden otroka.<\/p>\n<p>Obiskala nas je gospa Teja in z nami izdelovala penice, katere smo okrasili s sladkorjem razli\u010dne barve.<\/p>\n<p>Vsak je izdelal penice za svojo dru\u017eino s katerimi se bodo lahko posladkali.ngg_shortcode_0_placeholder<\/p>\n","protected":false},"excerpt":{"rendered":"<p>V ponedeljek, 8.10.2018, smo imeli delavnico s katero smo obele\u017eili Teden otroka. Obiskala nas je gospa Teja in z nami izdelovala penice, katere smo okrasili s sladkorjem razli\u010dne barve. Vsak je izdelal penice za svojo dru\u017eino s katerimi se bodo lahko posladkali.<\/p>\n","protected":false},"author":6042,"featured_media":0,"comment_status":"closed","ping_status":"closed","sticky":false,"template":"","format":"standard","meta":{"_et_pb_use_builder":"","_et_pb_old_content":"","_et_gb_content_width":"","ngg_post_thumbnail":0,"footnotes":"","_expiration-date-status":"","_expiration-date":0,"_expiration-date-type":"","_expiration-date-categories":[],"_expiration-date-options":[]},"categories":[9],"tags":[],"class_list":["post-7655","post","type-post","status-publish","format-standard","hentry","category-aktualno","et-doesnt-have-format-content","et_post_format-et-post-format-standard"],"_links":{"self":[{"href":"https:\/\/www.os-slivnica.si\/index.php?rest_route=\/wp\/v2\/posts\/7655","targetHints":{"allow":["GET"]}}],"collection":[{"href":"https:\/\/www.os-slivnica.si\/index.php?rest_route=\/wp\/v2\/posts"}],"about":[{"href":"https:\/\/www.os-slivnica.si\/index.php?rest_route=\/wp\/v2\/types\/post"}],"author":[{"embeddable":true,"href":"https:\/\/www.os-slivnica.si\/index.php?rest_route=\/wp\/v2\/users\/6042"}],"replies":[{"embeddable":true,"href":"https:\/\/www.os-slivnica.si\/index.php?rest_route=%2Fwp%2Fv2%2Fcomments&post=7655"}],"version-history":[{"count":2,"href":"https:\/\/www.os-slivnica.si\/index.php?rest_route=\/wp\/v2\/posts\/7655\/revisions"}],"predecessor-version":[{"id":7661,"href":"https:\/\/www.os-slivnica.si\/index.php?rest_route=\/wp\/v2\/posts\/7655\/revisions\/7661"}],"wp:attachment":[{"href":"https:\/\/www.os-slivnica.si\/index.php?rest_route=%2Fwp%2Fv2%2Fmedia&parent=7655"}],"wp:term":[{"taxonomy":"category","embeddable":true,"href":"https:\/\/www.os-slivnica.si\/index.php?rest_route=%2Fwp%2Fv2%2Fcategories&post=7655"},{"taxonomy":"post_tag","embeddable":true,"href":"https:\/\/www.os-slivnica.si\/index.php?rest_route=%2Fwp%2Fv2%2Ftags&post=7655"}],"curies":[{"name":"wp","href":"https:\/\/api.w.org\/{rel}","templated":true}]}}