{"id":7543,"date":"2018-10-01T23:13:29","date_gmt":"2018-10-01T21:13:29","guid":{"rendered":"http:\/\/slivnica.splet.arnes.si\/?p=7543"},"modified":"2018-10-01T23:18:38","modified_gmt":"2018-10-01T21:18:38","slug":"sola-v-naravi-1-dan","status":"publish","type":"post","link":"https:\/\/www.os-slivnica.si\/?p=7543","title":{"rendered":"\u0160ola v naravi &#8211; 1. dan"},"content":{"rendered":"<p>Za nami je prvi dan. V Kopru so nas pri\u010dakali oblaki, ki se niso pustili odgnati cel dan. Zve\u010der bi nas po\u0161teno namo\u010dilo, \u010de ne bi bili pod streho.<\/p>\n<p>Najprej smo se namestili v sobe, od\u0161li na kosilo, malo po\u010divali, potem pa se lotili nalog v delovnem zvezku. Razmi\u0161ljali smo o na\u0161i poti, o pokrajini, v katero smo pri\u0161li. Ker smo tu zato, da plavamo, smo imeli popolodan tudi \u0161olo plavanja. Po ve\u010derji je sledil spoznavni ve\u010der, kjer so se otroci iz Gorice, Loke, Prevorja, Dobja in Planine predstavili s to\u010dko ali dvema. Vsi so se zelo potrudili! Potem pa ples! Fantje so dokazali, da znajo biti ravno tako veliki \u017eurerji kot punce. Ob 22.00 smo popadali v postelje. Jutri pa novim dogodiv\u0161\u010dinam naproti. ngg_shortcode_0_placeholder<\/p>\n","protected":false},"excerpt":{"rendered":"<p>Za nami je prvi dan. V Kopru so nas pri\u010dakali oblaki, ki se niso pustili odgnati cel dan. Zve\u010der bi nas po\u0161teno namo\u010dilo, \u010de ne bi bili pod streho. Najprej smo se namestili v sobe, od\u0161li na kosilo, malo po\u010divali, potem pa se lotili nalog v delovnem zvezku. Razmi\u0161ljali smo o na\u0161i poti, o pokrajini, [&hellip;]<\/p>\n","protected":false},"author":6074,"featured_media":0,"comment_status":"closed","ping_status":"closed","sticky":false,"template":"","format":"standard","meta":{"_et_pb_use_builder":"","_et_pb_old_content":"","_et_gb_content_width":"","ngg_post_thumbnail":0,"footnotes":"","_expiration-date-status":"","_expiration-date":0,"_expiration-date-type":"","_expiration-date-categories":[],"_expiration-date-options":[]},"categories":[9],"tags":[],"class_list":["post-7543","post","type-post","status-publish","format-standard","hentry","category-aktualno","et-doesnt-have-format-content","et_post_format-et-post-format-standard"],"_links":{"self":[{"href":"https:\/\/www.os-slivnica.si\/index.php?rest_route=\/wp\/v2\/posts\/7543","targetHints":{"allow":["GET"]}}],"collection":[{"href":"https:\/\/www.os-slivnica.si\/index.php?rest_route=\/wp\/v2\/posts"}],"about":[{"href":"https:\/\/www.os-slivnica.si\/index.php?rest_route=\/wp\/v2\/types\/post"}],"author":[{"embeddable":true,"href":"https:\/\/www.os-slivnica.si\/index.php?rest_route=\/wp\/v2\/users\/6074"}],"replies":[{"embeddable":true,"href":"https:\/\/www.os-slivnica.si\/index.php?rest_route=%2Fwp%2Fv2%2Fcomments&post=7543"}],"version-history":[{"count":2,"href":"https:\/\/www.os-slivnica.si\/index.php?rest_route=\/wp\/v2\/posts\/7543\/revisions"}],"predecessor-version":[{"id":7547,"href":"https:\/\/www.os-slivnica.si\/index.php?rest_route=\/wp\/v2\/posts\/7543\/revisions\/7547"}],"wp:attachment":[{"href":"https:\/\/www.os-slivnica.si\/index.php?rest_route=%2Fwp%2Fv2%2Fmedia&parent=7543"}],"wp:term":[{"taxonomy":"category","embeddable":true,"href":"https:\/\/www.os-slivnica.si\/index.php?rest_route=%2Fwp%2Fv2%2Fcategories&post=7543"},{"taxonomy":"post_tag","embeddable":true,"href":"https:\/\/www.os-slivnica.si\/index.php?rest_route=%2Fwp%2Fv2%2Ftags&post=7543"}],"curies":[{"name":"wp","href":"https:\/\/api.w.org\/{rel}","templated":true}]}}