{"id":7517,"date":"2018-09-30T15:49:24","date_gmt":"2018-09-30T13:49:24","guid":{"rendered":"http:\/\/slivnica.splet.arnes.si\/?p=7517"},"modified":"2018-09-30T15:55:26","modified_gmt":"2018-09-30T13:55:26","slug":"obisk-kmetije-kramer-v-babni-gori","status":"publish","type":"post","link":"https:\/\/www.os-slivnica.si\/?p=7517","title":{"rendered":"Obisk kmetije Kramer v Babni Gori"},"content":{"rendered":"<div class=\"gs\">\n<div class=\"\">\n<div id=\":ov\" class=\"ii gt\">\n<div id=\":ow\" class=\"a3s aXjCH \">\n<div dir=\"auto\">\n<div class=\"gmail_quote\">\n<div class=\"gmail_quote\">\n<blockquote class=\"gmail_quote\">\n<div dir=\"ltr\">\n<div>Prvo\u0161olci in drugo\u0161olci PO\u0160 Loka smo se 25. septembra v hladnem, skoraj ledeno mrzlem, jutru odpravili na ogled kmetije Kramer v Babno Goro. Sprejeli so nas zelo prijazno, saj smo morali najprej sesti k bogato oblo\u017eeni mizi, polni kme\u010dkih dobrot. S polnimi trebu\u0161\u010dki smo se nato odpravili na ogled doma\u010dih \u017eivali in strojev.\u00a0 \u0160e posebej nam je bil v\u0161e\u010d velik, zelen, moderen traktor, na katerega smo se tudi povzpeli in se na njem tudi skupaj fotografirali.<\/div>\n<div>Nato pa nas je na kme\u010dkem dvori\u0161\u010du \u010dakal velik ko\u0161 koruze, ki jo je bilo treba oko\u017euhati. Vsi smo pridno zavihali rokave in trgali liste s klasov. Zraven smo tudi zapeli. Ampak dela \u0161e ni zmanjkalo. Gospodinja Zofka nam je prinesla \u0161e ko\u0161aro fi\u017eola za lu\u0161\u010denje. Tudi to nam je \u0161lo kar dobro od rok. Za nagrado, ker so bili &#8216;delavci&#8217; pridni, je sledila igra.<\/div>\n<div>Polni vtisov smo se\u00a0 poslovili in se zahvalili za prijetno in pou\u010dno dru\u017eenje na kmetiji.<\/div>\n<div>ngg_shortcode_0_placeholder<\/div>\n<\/div>\n<div class=\"yj6qo\"><\/div>\n<div class=\"adL\"><\/div>\n<\/blockquote>\n<\/div>\n<div class=\"adL\"><\/div>\n<\/div>\n<p>&nbsp;<\/p>\n<\/div>\n<div class=\"adL\"><\/div>\n<\/div>\n<\/div>\n<div class=\"hi\"><\/div>\n<\/div>\n<\/div>\n","protected":false},"excerpt":{"rendered":"<p>Prvo\u0161olci in drugo\u0161olci PO\u0160 Loka smo se 25. septembra v hladnem, skoraj ledeno mrzlem, jutru odpravili na ogled kmetije Kramer v Babno Goro. Sprejeli so nas zelo prijazno, saj smo morali najprej sesti k bogato oblo\u017eeni mizi, polni kme\u010dkih dobrot. S polnimi trebu\u0161\u010dki smo se nato odpravili na ogled doma\u010dih \u017eivali in strojev.\u00a0 \u0160e posebej [&hellip;]<\/p>\n","protected":false},"author":5997,"featured_media":0,"comment_status":"closed","ping_status":"closed","sticky":false,"template":"","format":"standard","meta":{"_et_pb_use_builder":"","_et_pb_old_content":"","_et_gb_content_width":"","ngg_post_thumbnail":0,"footnotes":"","_expiration-date-status":"","_expiration-date":0,"_expiration-date-type":"","_expiration-date-categories":[],"_expiration-date-options":[]},"categories":[10],"tags":[],"class_list":["post-7517","post","type-post","status-publish","format-standard","hentry","category-ps-loka","et-doesnt-have-format-content","et_post_format-et-post-format-standard"],"_links":{"self":[{"href":"https:\/\/www.os-slivnica.si\/index.php?rest_route=\/wp\/v2\/posts\/7517","targetHints":{"allow":["GET"]}}],"collection":[{"href":"https:\/\/www.os-slivnica.si\/index.php?rest_route=\/wp\/v2\/posts"}],"about":[{"href":"https:\/\/www.os-slivnica.si\/index.php?rest_route=\/wp\/v2\/types\/post"}],"author":[{"embeddable":true,"href":"https:\/\/www.os-slivnica.si\/index.php?rest_route=\/wp\/v2\/users\/5997"}],"replies":[{"embeddable":true,"href":"https:\/\/www.os-slivnica.si\/index.php?rest_route=%2Fwp%2Fv2%2Fcomments&post=7517"}],"version-history":[{"count":3,"href":"https:\/\/www.os-slivnica.si\/index.php?rest_route=\/wp\/v2\/posts\/7517\/revisions"}],"predecessor-version":[{"id":7523,"href":"https:\/\/www.os-slivnica.si\/index.php?rest_route=\/wp\/v2\/posts\/7517\/revisions\/7523"}],"wp:attachment":[{"href":"https:\/\/www.os-slivnica.si\/index.php?rest_route=%2Fwp%2Fv2%2Fmedia&parent=7517"}],"wp:term":[{"taxonomy":"category","embeddable":true,"href":"https:\/\/www.os-slivnica.si\/index.php?rest_route=%2Fwp%2Fv2%2Fcategories&post=7517"},{"taxonomy":"post_tag","embeddable":true,"href":"https:\/\/www.os-slivnica.si\/index.php?rest_route=%2Fwp%2Fv2%2Ftags&post=7517"}],"curies":[{"name":"wp","href":"https:\/\/api.w.org\/{rel}","templated":true}]}}