{"id":7491,"date":"2018-09-28T16:24:19","date_gmt":"2018-09-28T14:24:19","guid":{"rendered":"http:\/\/slivnica.splet.arnes.si\/?p=7491"},"modified":"2018-09-28T16:24:19","modified_gmt":"2018-09-28T14:24:19","slug":"sestosolci-smo-obiskali-trubarjevo-domacijo-in-sticno","status":"publish","type":"post","link":"https:\/\/www.os-slivnica.si\/?p=7491","title":{"rendered":"\u0160esto\u0161olci smo obiskali Trubarjevo doma\u010dijo in Sti\u010dno"},"content":{"rendered":"<p>V \u010detrtek, 27. septembra 2018, smo \u0161esto\u0161olci pre\u017eiveli prijeten in pou\u010den dan na Dolenjskem. Obiskali smo Trubarjevo doma\u010dijo v Ra\u0161ci in Muzej kr\u0161\u010danstva na Slovenskem v Sti\u010dni. Udele\u017eili smo se dveh delavnic, na katerih smo se nau\u010dili izdelati knjigo in spoznali poklic pisarja.ngg_shortcode_0_placeholder<\/p>\n","protected":false},"excerpt":{"rendered":"<p>V \u010detrtek, 27. septembra 2018, smo \u0161esto\u0161olci pre\u017eiveli prijeten in pou\u010den dan na Dolenjskem. Obiskali smo Trubarjevo doma\u010dijo v Ra\u0161ci in Muzej kr\u0161\u010danstva na Slovenskem v Sti\u010dni. Udele\u017eili smo se dveh delavnic, na katerih smo se nau\u010dili izdelati knjigo in spoznali poklic pisarja.<\/p>\n","protected":false},"author":4050,"featured_media":0,"comment_status":"closed","ping_status":"closed","sticky":false,"template":"","format":"standard","meta":{"_et_pb_use_builder":"","_et_pb_old_content":"","_et_gb_content_width":"","ngg_post_thumbnail":0,"footnotes":"","_expiration-date-status":"","_expiration-date":0,"_expiration-date-type":"","_expiration-date-categories":[],"_expiration-date-options":[]},"categories":[9],"tags":[],"class_list":["post-7491","post","type-post","status-publish","format-standard","hentry","category-aktualno","et-doesnt-have-format-content","et_post_format-et-post-format-standard"],"_links":{"self":[{"href":"https:\/\/www.os-slivnica.si\/index.php?rest_route=\/wp\/v2\/posts\/7491","targetHints":{"allow":["GET"]}}],"collection":[{"href":"https:\/\/www.os-slivnica.si\/index.php?rest_route=\/wp\/v2\/posts"}],"about":[{"href":"https:\/\/www.os-slivnica.si\/index.php?rest_route=\/wp\/v2\/types\/post"}],"author":[{"embeddable":true,"href":"https:\/\/www.os-slivnica.si\/index.php?rest_route=\/wp\/v2\/users\/4050"}],"replies":[{"embeddable":true,"href":"https:\/\/www.os-slivnica.si\/index.php?rest_route=%2Fwp%2Fv2%2Fcomments&post=7491"}],"version-history":[{"count":2,"href":"https:\/\/www.os-slivnica.si\/index.php?rest_route=\/wp\/v2\/posts\/7491\/revisions"}],"predecessor-version":[{"id":7505,"href":"https:\/\/www.os-slivnica.si\/index.php?rest_route=\/wp\/v2\/posts\/7491\/revisions\/7505"}],"wp:attachment":[{"href":"https:\/\/www.os-slivnica.si\/index.php?rest_route=%2Fwp%2Fv2%2Fmedia&parent=7491"}],"wp:term":[{"taxonomy":"category","embeddable":true,"href":"https:\/\/www.os-slivnica.si\/index.php?rest_route=%2Fwp%2Fv2%2Fcategories&post=7491"},{"taxonomy":"post_tag","embeddable":true,"href":"https:\/\/www.os-slivnica.si\/index.php?rest_route=%2Fwp%2Fv2%2Ftags&post=7491"}],"curies":[{"name":"wp","href":"https:\/\/api.w.org\/{rel}","templated":true}]}}