{"id":7433,"date":"2018-09-27T04:45:39","date_gmt":"2018-09-27T02:45:39","guid":{"rendered":"http:\/\/slivnica.splet.arnes.si\/?p=7433"},"modified":"2018-09-27T04:50:41","modified_gmt":"2018-09-27T02:50:41","slug":"prevorjani-obiskali-cebelarja","status":"publish","type":"post","link":"https:\/\/www.os-slivnica.si\/?p=7433","title":{"rendered":"Prevorjani obiskali \u010debelarja"},"content":{"rendered":"<p><img loading=\"lazy\" decoding=\"async\" class=\"irc_mi aligncenter\" src=\"http:\/\/www.edhprojects.com\/wp-content\/uploads\/2018\/07\/bumble-bee-clipart-inspirational-lovely-cartoon-bee-set-vectors-02-bees-pinterest-of-bumble-bee-clipart.jpg\" alt=\"Rezultat iskanja slik za bee clipart\" width=\"110\" height=\"146\" \/><\/p>\n<p>Na prelep jesenski dan<strong>,<\/strong> so prvo\u0161olci in drugo\u0161olca, obiskali <strong>g. \u010debelarja Majcna, iz \u017degra.<\/strong> Najprej nas je ga. Mihaela pogostila s<strong> slastnimi<\/strong> <strong>medenjaki,<\/strong> ki smo si jih lahko \u0161e dodatno posladkali <strong>z akacijevim <\/strong>ali<strong> cvetli\u010dnim medom<\/strong>. <strong>G. \u010debelar Zvone,<\/strong> pa nam je z veseljem <strong>pokazal \u010debelnjake<\/strong> in<strong> predstavil \u017eivljenje \u010debel,<\/strong> <strong>njihove pridelke<\/strong> in nas pou\u010dil o pogojih uspe\u0161nega <strong>prezimovanja \u010debelje dru\u017eine<\/strong>. Polni prijetnih vtisov smo na poti nazaj v \u0161olo u\u017eivali v prelepih jesenskih barvah,v son\u010dku in si pot kraj\u0161ali s petjem.<\/p>\n<p>Bilo je zelo pou\u010dno in zabavno. <strong>Dru\u017eini Majcen iz \u017degra<\/strong> se iz srca zahvaljujemo za <strong>topel sprejem.<\/strong><\/p>\nngg_shortcode_0_placeholder\n<p>&nbsp;<\/p>\n","protected":false},"excerpt":{"rendered":"<p>Na prelep jesenski dan, so prvo\u0161olci in drugo\u0161olca, obiskali g. \u010debelarja Majcna, iz \u017degra. Najprej nas je ga. Mihaela pogostila s slastnimi medenjaki, ki smo si jih lahko \u0161e dodatno posladkali z akacijevim ali cvetli\u010dnim medom. G. \u010debelar Zvone, pa nam je z veseljem pokazal \u010debelnjake in predstavil \u017eivljenje \u010debel, njihove pridelke in nas pou\u010dil [&hellip;]<\/p>\n","protected":false},"author":6009,"featured_media":0,"comment_status":"closed","ping_status":"closed","sticky":false,"template":"","format":"standard","meta":{"_et_pb_use_builder":"","_et_pb_old_content":"","_et_gb_content_width":"","ngg_post_thumbnail":0,"footnotes":"","_expiration-date-status":"","_expiration-date":0,"_expiration-date-type":"","_expiration-date-categories":[],"_expiration-date-options":[]},"categories":[9,11],"tags":[],"class_list":["post-7433","post","type-post","status-publish","format-standard","hentry","category-aktualno","category-ps-prevorje","et-doesnt-have-format-content","et_post_format-et-post-format-standard"],"_links":{"self":[{"href":"https:\/\/www.os-slivnica.si\/index.php?rest_route=\/wp\/v2\/posts\/7433","targetHints":{"allow":["GET"]}}],"collection":[{"href":"https:\/\/www.os-slivnica.si\/index.php?rest_route=\/wp\/v2\/posts"}],"about":[{"href":"https:\/\/www.os-slivnica.si\/index.php?rest_route=\/wp\/v2\/types\/post"}],"author":[{"embeddable":true,"href":"https:\/\/www.os-slivnica.si\/index.php?rest_route=\/wp\/v2\/users\/6009"}],"replies":[{"embeddable":true,"href":"https:\/\/www.os-slivnica.si\/index.php?rest_route=%2Fwp%2Fv2%2Fcomments&post=7433"}],"version-history":[{"count":4,"href":"https:\/\/www.os-slivnica.si\/index.php?rest_route=\/wp\/v2\/posts\/7433\/revisions"}],"predecessor-version":[{"id":7441,"href":"https:\/\/www.os-slivnica.si\/index.php?rest_route=\/wp\/v2\/posts\/7433\/revisions\/7441"}],"wp:attachment":[{"href":"https:\/\/www.os-slivnica.si\/index.php?rest_route=%2Fwp%2Fv2%2Fmedia&parent=7433"}],"wp:term":[{"taxonomy":"category","embeddable":true,"href":"https:\/\/www.os-slivnica.si\/index.php?rest_route=%2Fwp%2Fv2%2Fcategories&post=7433"},{"taxonomy":"post_tag","embeddable":true,"href":"https:\/\/www.os-slivnica.si\/index.php?rest_route=%2Fwp%2Fv2%2Ftags&post=7433"}],"curies":[{"name":"wp","href":"https:\/\/api.w.org\/{rel}","templated":true}]}}