{"id":7427,"date":"2018-09-26T21:32:28","date_gmt":"2018-09-26T19:32:28","guid":{"rendered":"http:\/\/slivnica.splet.arnes.si\/?p=7427"},"modified":"2018-09-26T21:32:28","modified_gmt":"2018-09-26T19:32:28","slug":"tretji-dan-csod-uspesno-izveden","status":"publish","type":"post","link":"https:\/\/www.os-slivnica.si\/?p=7427","title":{"rendered":"TRETJI DAN C\u0160OD USPE\u0160NO IZVEDEN"},"content":{"rendered":"<p>Dan je bil \u010dudovit, saj nas je zjutraj zbudilo sonce. Pridno smo plavali, \u0161ivali vre\u010dke katere smo napolnili\u00a0 s soljo, sivko\u00a0 in ro\u017emarinom. Popoldan pa smo od\u0161li na tako te\u017eko pri\u010dakovan sladoled in se sprehodili po marini v Portoro\u017eu. Dan smo zaklju\u010dili z ogledom otro\u0161kega filma.ngg_shortcode_0_placeholder<\/p>\n","protected":false},"excerpt":{"rendered":"<p>Dan je bil \u010dudovit, saj nas je zjutraj zbudilo sonce. Pridno smo plavali, \u0161ivali vre\u010dke katere smo napolnili\u00a0 s soljo, sivko\u00a0 in ro\u017emarinom. Popoldan pa smo od\u0161li na tako te\u017eko pri\u010dakovan sladoled in se sprehodili po marini v Portoro\u017eu. Dan smo zaklju\u010dili z ogledom otro\u0161kega filma.<\/p>\n","protected":false},"author":6042,"featured_media":0,"comment_status":"closed","ping_status":"closed","sticky":false,"template":"","format":"standard","meta":{"_et_pb_use_builder":"","_et_pb_old_content":"","_et_gb_content_width":"","ngg_post_thumbnail":0,"footnotes":"","_expiration-date-status":"","_expiration-date":0,"_expiration-date-type":"","_expiration-date-categories":[],"_expiration-date-options":[]},"categories":[9],"tags":[],"class_list":["post-7427","post","type-post","status-publish","format-standard","hentry","category-aktualno","et-doesnt-have-format-content","et_post_format-et-post-format-standard"],"_links":{"self":[{"href":"https:\/\/www.os-slivnica.si\/index.php?rest_route=\/wp\/v2\/posts\/7427","targetHints":{"allow":["GET"]}}],"collection":[{"href":"https:\/\/www.os-slivnica.si\/index.php?rest_route=\/wp\/v2\/posts"}],"about":[{"href":"https:\/\/www.os-slivnica.si\/index.php?rest_route=\/wp\/v2\/types\/post"}],"author":[{"embeddable":true,"href":"https:\/\/www.os-slivnica.si\/index.php?rest_route=\/wp\/v2\/users\/6042"}],"replies":[{"embeddable":true,"href":"https:\/\/www.os-slivnica.si\/index.php?rest_route=%2Fwp%2Fv2%2Fcomments&post=7427"}],"version-history":[{"count":1,"href":"https:\/\/www.os-slivnica.si\/index.php?rest_route=\/wp\/v2\/posts\/7427\/revisions"}],"predecessor-version":[{"id":7429,"href":"https:\/\/www.os-slivnica.si\/index.php?rest_route=\/wp\/v2\/posts\/7427\/revisions\/7429"}],"wp:attachment":[{"href":"https:\/\/www.os-slivnica.si\/index.php?rest_route=%2Fwp%2Fv2%2Fmedia&parent=7427"}],"wp:term":[{"taxonomy":"category","embeddable":true,"href":"https:\/\/www.os-slivnica.si\/index.php?rest_route=%2Fwp%2Fv2%2Fcategories&post=7427"},{"taxonomy":"post_tag","embeddable":true,"href":"https:\/\/www.os-slivnica.si\/index.php?rest_route=%2Fwp%2Fv2%2Ftags&post=7427"}],"curies":[{"name":"wp","href":"https:\/\/api.w.org\/{rel}","templated":true}]}}