{"id":3493,"date":"2017-04-28T12:12:32","date_gmt":"2017-04-28T10:12:32","guid":{"rendered":"http:\/\/slivnica.splet.arnes.si\/?p=3493"},"modified":"2017-05-03T07:09:43","modified_gmt":"2017-05-03T05:09:43","slug":"proslava-pred-prihajajocimi-prazniki-v-gorici","status":"publish","type":"post","link":"https:\/\/www.os-slivnica.si\/?p=3493","title":{"rendered":"Proslava pred prihajajo\u010dimi prazniki v Gorici"},"content":{"rendered":"<p>V sredo, 26. 4. 2017, smo v Gorici s kulturnim programom obele\u017eili prihajajo\u010da praznika &#8211; dan upora proti okupatorju in praznik dela. Maj nas je ob prebiranju verzov Kajuhovih pesmi\u00a0spomnil na \u010das, ko je pri nas divjala vojna, na \u010das terorja, smrti in trpljenja. Na \u010das, ko so se kmetje puntali, delavci stavkali. Sedaj \u017eivimo v miru. Svobodno lahko ustvarjamo, pojemo, ple\u0161emo, se igramo, raziskujemo naravo, dru\u017ebo in se veselimo vsakega dne. \u00a0Na\u0161o razigranost smo s petjem, plesom in igranjem pokazali tudi na proslavi.\u00a0ngg_shortcode_0_placeholder<\/p>\n<p>Na prazni\u010dni 27. april, pa je 20 pevk in pevcev sodelovalo na slavnostni proslavi pri spomeniku padlih borcev na <a href=\"http:\/\/pevski-zbori-slivnica.splet.arnes.si\/2017\/04\/30\/proslavi-ob-dnevu-upora-proti-okupatorju\/\" target=\"_blank\">Sv. Heleni<\/a>, ki jo je pripravilo ZB za vrednote NOB \u0160entjur KO Gorica pri Slivnici.<\/p>\n","protected":false},"excerpt":{"rendered":"<p>V sredo, 26. 4. 2017, smo v Gorici s kulturnim programom obele\u017eili prihajajo\u010da praznika &#8211; dan upora proti okupatorju in praznik dela. Maj nas je ob prebiranju verzov Kajuhovih pesmi\u00a0spomnil na \u010das, ko je pri nas divjala vojna, na \u010das terorja, smrti in trpljenja. Na \u010das, ko so se kmetje puntali, delavci stavkali. Sedaj \u017eivimo [&hellip;]<\/p>\n","protected":false},"author":6074,"featured_media":0,"comment_status":"closed","ping_status":"closed","sticky":false,"template":"","format":"standard","meta":{"_et_pb_use_builder":"","_et_pb_old_content":"","_et_gb_content_width":"","ngg_post_thumbnail":0,"footnotes":"","_expiration-date-status":"","_expiration-date":0,"_expiration-date-type":"","_expiration-date-categories":[],"_expiration-date-options":[]},"categories":[9],"tags":[],"class_list":["post-3493","post","type-post","status-publish","format-standard","hentry","category-aktualno","et-doesnt-have-format-content","et_post_format-et-post-format-standard"],"_links":{"self":[{"href":"https:\/\/www.os-slivnica.si\/index.php?rest_route=\/wp\/v2\/posts\/3493","targetHints":{"allow":["GET"]}}],"collection":[{"href":"https:\/\/www.os-slivnica.si\/index.php?rest_route=\/wp\/v2\/posts"}],"about":[{"href":"https:\/\/www.os-slivnica.si\/index.php?rest_route=\/wp\/v2\/types\/post"}],"author":[{"embeddable":true,"href":"https:\/\/www.os-slivnica.si\/index.php?rest_route=\/wp\/v2\/users\/6074"}],"replies":[{"embeddable":true,"href":"https:\/\/www.os-slivnica.si\/index.php?rest_route=%2Fwp%2Fv2%2Fcomments&post=3493"}],"version-history":[{"count":6,"href":"https:\/\/www.os-slivnica.si\/index.php?rest_route=\/wp\/v2\/posts\/3493\/revisions"}],"predecessor-version":[{"id":3511,"href":"https:\/\/www.os-slivnica.si\/index.php?rest_route=\/wp\/v2\/posts\/3493\/revisions\/3511"}],"wp:attachment":[{"href":"https:\/\/www.os-slivnica.si\/index.php?rest_route=%2Fwp%2Fv2%2Fmedia&parent=3493"}],"wp:term":[{"taxonomy":"category","embeddable":true,"href":"https:\/\/www.os-slivnica.si\/index.php?rest_route=%2Fwp%2Fv2%2Fcategories&post=3493"},{"taxonomy":"post_tag","embeddable":true,"href":"https:\/\/www.os-slivnica.si\/index.php?rest_route=%2Fwp%2Fv2%2Ftags&post=3493"}],"curies":[{"name":"wp","href":"https:\/\/api.w.org\/{rel}","templated":true}]}}