{"id":3487,"date":"2017-04-26T13:30:11","date_gmt":"2017-04-26T11:30:11","guid":{"rendered":"http:\/\/slivnica.splet.arnes.si\/?p=3487"},"modified":"2017-05-02T21:29:11","modified_gmt":"2017-05-02T19:29:11","slug":"atletski-sportni-dan-v-gorici","status":"publish","type":"post","link":"https:\/\/www.os-slivnica.si\/?p=3487","title":{"rendered":"Atletski \u0161portni dan v Gorici"},"content":{"rendered":"<p>Zadnji \u0161olski dan, pred prvomajskimi po\u010ditnicami, so na\u0161i starej\u0161i u\u010denci izkoristili za \u0161portni dan. U\u010denci so se pomerili v atletskem mnogoboju, 6. in 7. razred so tekli na 60 in 600 metrov, metali vorteks in skakali v daljino. Osmo\u0161olci in deveto\u0161olci pa so, poleg \u017ee na\u0161tetih disciplin, suvali tudi kroglo. Najbolj\u0161i trije v vsakem razredu, lo\u010deni po spolu, so prejeli tudi prelepe diplome, ki jih je pripravila posebej za njih gospa Zdenka Kosaber.<\/p>\nngg_shortcode_0_placeholder\n<p>&nbsp;<\/p>\n","protected":false},"excerpt":{"rendered":"<p>Zadnji \u0161olski dan, pred prvomajskimi po\u010ditnicami, so na\u0161i starej\u0161i u\u010denci izkoristili za \u0161portni dan. U\u010denci so se pomerili v atletskem mnogoboju, 6. in 7. razred so tekli na 60 in 600 metrov, metali vorteks in skakali v daljino. Osmo\u0161olci in deveto\u0161olci pa so, poleg \u017ee na\u0161tetih disciplin, suvali tudi kroglo. Najbolj\u0161i trije v vsakem razredu, [&hellip;]<\/p>\n","protected":false},"author":5704,"featured_media":0,"comment_status":"closed","ping_status":"closed","sticky":false,"template":"","format":"standard","meta":{"_et_pb_use_builder":"","_et_pb_old_content":"","_et_gb_content_width":"","ngg_post_thumbnail":0,"footnotes":"","_expiration-date-status":"","_expiration-date":0,"_expiration-date-type":"","_expiration-date-categories":[],"_expiration-date-options":[]},"categories":[9],"tags":[],"class_list":["post-3487","post","type-post","status-publish","format-standard","hentry","category-aktualno","et-doesnt-have-format-content","et_post_format-et-post-format-standard"],"_links":{"self":[{"href":"https:\/\/www.os-slivnica.si\/index.php?rest_route=\/wp\/v2\/posts\/3487","targetHints":{"allow":["GET"]}}],"collection":[{"href":"https:\/\/www.os-slivnica.si\/index.php?rest_route=\/wp\/v2\/posts"}],"about":[{"href":"https:\/\/www.os-slivnica.si\/index.php?rest_route=\/wp\/v2\/types\/post"}],"author":[{"embeddable":true,"href":"https:\/\/www.os-slivnica.si\/index.php?rest_route=\/wp\/v2\/users\/5704"}],"replies":[{"embeddable":true,"href":"https:\/\/www.os-slivnica.si\/index.php?rest_route=%2Fwp%2Fv2%2Fcomments&post=3487"}],"version-history":[{"count":2,"href":"https:\/\/www.os-slivnica.si\/index.php?rest_route=\/wp\/v2\/posts\/3487\/revisions"}],"predecessor-version":[{"id":3509,"href":"https:\/\/www.os-slivnica.si\/index.php?rest_route=\/wp\/v2\/posts\/3487\/revisions\/3509"}],"wp:attachment":[{"href":"https:\/\/www.os-slivnica.si\/index.php?rest_route=%2Fwp%2Fv2%2Fmedia&parent=3487"}],"wp:term":[{"taxonomy":"category","embeddable":true,"href":"https:\/\/www.os-slivnica.si\/index.php?rest_route=%2Fwp%2Fv2%2Fcategories&post=3487"},{"taxonomy":"post_tag","embeddable":true,"href":"https:\/\/www.os-slivnica.si\/index.php?rest_route=%2Fwp%2Fv2%2Ftags&post=3487"}],"curies":[{"name":"wp","href":"https:\/\/api.w.org\/{rel}","templated":true}]}}