{"id":3471,"date":"2017-04-26T09:21:10","date_gmt":"2017-04-26T07:21:10","guid":{"rendered":"http:\/\/slivnica.splet.arnes.si\/?p=3471"},"modified":"2017-04-26T09:21:10","modified_gmt":"2017-04-26T07:21:10","slug":"v-loki-obelezili-prihajajoce-praznike","status":"publish","type":"post","link":"https:\/\/www.os-slivnica.si\/?p=3471","title":{"rendered":"V Loki obele\u017eili prihajajo\u010de praznike"},"content":{"rendered":"<p>Danes, 26. 4. 2017, smo na P\u0160 Loka kraj\u0161i kulturni program posvetili <em>dnevu upora proti okupatorju<\/em> in <em>prazniku dela. <\/em>Poleg tega da smo izvedeli, zakaj sta ta dva dneva tako pomembna, smo sli\u0161ali \u0161e deklamacije, videli kratko gledali\u0161ko predstavo, na koncu pa je sledilo \u0161e presene\u010denje, ko so u\u010diteljice zapele partizanski pesmi, ki so ju v\u010dasih v \u0161olah prepevali otroci &#8211; <em>\u0160ivala je deklica zvezdo<\/em> ter <em>Hej, brigade<\/em>.<\/p>\nngg_shortcode_0_placeholder\n","protected":false},"excerpt":{"rendered":"<p>Danes, 26. 4. 2017, smo na P\u0160 Loka kraj\u0161i kulturni program posvetili dnevu upora proti okupatorju in prazniku dela. Poleg tega da smo izvedeli, zakaj sta ta dva dneva tako pomembna, smo sli\u0161ali \u0161e deklamacije, videli kratko gledali\u0161ko predstavo, na koncu pa je sledilo \u0161e presene\u010denje, ko so u\u010diteljice zapele partizanski pesmi, ki so ju [&hellip;]<\/p>\n","protected":false},"author":6078,"featured_media":0,"comment_status":"closed","ping_status":"closed","sticky":false,"template":"","format":"standard","meta":{"_et_pb_use_builder":"","_et_pb_old_content":"","_et_gb_content_width":"","ngg_post_thumbnail":0,"footnotes":"","_expiration-date-status":"","_expiration-date":0,"_expiration-date-type":"","_expiration-date-categories":[],"_expiration-date-options":[]},"categories":[10],"tags":[],"class_list":["post-3471","post","type-post","status-publish","format-standard","hentry","category-ps-loka","et-doesnt-have-format-content","et_post_format-et-post-format-standard"],"_links":{"self":[{"href":"https:\/\/www.os-slivnica.si\/index.php?rest_route=\/wp\/v2\/posts\/3471","targetHints":{"allow":["GET"]}}],"collection":[{"href":"https:\/\/www.os-slivnica.si\/index.php?rest_route=\/wp\/v2\/posts"}],"about":[{"href":"https:\/\/www.os-slivnica.si\/index.php?rest_route=\/wp\/v2\/types\/post"}],"author":[{"embeddable":true,"href":"https:\/\/www.os-slivnica.si\/index.php?rest_route=\/wp\/v2\/users\/6078"}],"replies":[{"embeddable":true,"href":"https:\/\/www.os-slivnica.si\/index.php?rest_route=%2Fwp%2Fv2%2Fcomments&post=3471"}],"version-history":[{"count":2,"href":"https:\/\/www.os-slivnica.si\/index.php?rest_route=\/wp\/v2\/posts\/3471\/revisions"}],"predecessor-version":[{"id":3477,"href":"https:\/\/www.os-slivnica.si\/index.php?rest_route=\/wp\/v2\/posts\/3471\/revisions\/3477"}],"wp:attachment":[{"href":"https:\/\/www.os-slivnica.si\/index.php?rest_route=%2Fwp%2Fv2%2Fmedia&parent=3471"}],"wp:term":[{"taxonomy":"category","embeddable":true,"href":"https:\/\/www.os-slivnica.si\/index.php?rest_route=%2Fwp%2Fv2%2Fcategories&post=3471"},{"taxonomy":"post_tag","embeddable":true,"href":"https:\/\/www.os-slivnica.si\/index.php?rest_route=%2Fwp%2Fv2%2Ftags&post=3471"}],"curies":[{"name":"wp","href":"https:\/\/api.w.org\/{rel}","templated":true}]}}