{"id":3449,"date":"2017-04-24T10:24:06","date_gmt":"2017-04-24T08:24:06","guid":{"rendered":"http:\/\/slivnica.splet.arnes.si\/?p=3449"},"modified":"2017-04-24T10:24:30","modified_gmt":"2017-04-24T08:24:30","slug":"svetovni-dan-knjige-in-avtorskih-pravic","status":"publish","type":"post","link":"https:\/\/www.os-slivnica.si\/?p=3449","title":{"rendered":"Svetovni dan knjige in avtorskih pravic"},"content":{"rendered":"<p>Od Unescove razglasitve leta 1995 praznujemo vsako leto 23. aprila svetovi dan knjige in avtorskih pravic. <!--more-->Dan je posve\u010den promociji branja, zalo\u017eni\u0161tva in za\u0161\u010diti avtorskih pravic ter intelektualne lastnine. V Sloveniji v tednu pred svetovnim dnem poteka vseslovenski festival Dnevi slovenske knjige pod okriljem Dru\u0161tva slovenskih pisateljev. V \u0161tevilnih slovenskih mestih in knji\u017enicah se odvijajo dogodki v \u010dast knjig in vseh, ki so povezani z njimi.<\/p>\n<p>Na svetovni dan knjige Unesco podeli \u00a0naziv Svetovna prestolnica knjige. Letos je ta naziv prejelo glavno mesto Gvineje Conacry.<\/p>\n<p>&nbsp;<\/p>\n","protected":false},"excerpt":{"rendered":"<p>Od Unescove razglasitve leta 1995 praznujemo vsako leto 23. aprila svetovi dan knjige in avtorskih pravic.<\/p>\n","protected":false},"author":4050,"featured_media":0,"comment_status":"closed","ping_status":"closed","sticky":false,"template":"","format":"standard","meta":{"_et_pb_use_builder":"","_et_pb_old_content":"","_et_gb_content_width":"","ngg_post_thumbnail":0,"footnotes":"","_expiration-date-status":"","_expiration-date":0,"_expiration-date-type":"","_expiration-date-categories":[],"_expiration-date-options":[]},"categories":[9],"tags":[],"class_list":["post-3449","post","type-post","status-publish","format-standard","hentry","category-aktualno","et-doesnt-have-format-content","et_post_format-et-post-format-standard"],"_links":{"self":[{"href":"https:\/\/www.os-slivnica.si\/index.php?rest_route=\/wp\/v2\/posts\/3449","targetHints":{"allow":["GET"]}}],"collection":[{"href":"https:\/\/www.os-slivnica.si\/index.php?rest_route=\/wp\/v2\/posts"}],"about":[{"href":"https:\/\/www.os-slivnica.si\/index.php?rest_route=\/wp\/v2\/types\/post"}],"author":[{"embeddable":true,"href":"https:\/\/www.os-slivnica.si\/index.php?rest_route=\/wp\/v2\/users\/4050"}],"replies":[{"embeddable":true,"href":"https:\/\/www.os-slivnica.si\/index.php?rest_route=%2Fwp%2Fv2%2Fcomments&post=3449"}],"version-history":[{"count":1,"href":"https:\/\/www.os-slivnica.si\/index.php?rest_route=\/wp\/v2\/posts\/3449\/revisions"}],"predecessor-version":[{"id":3451,"href":"https:\/\/www.os-slivnica.si\/index.php?rest_route=\/wp\/v2\/posts\/3449\/revisions\/3451"}],"wp:attachment":[{"href":"https:\/\/www.os-slivnica.si\/index.php?rest_route=%2Fwp%2Fv2%2Fmedia&parent=3449"}],"wp:term":[{"taxonomy":"category","embeddable":true,"href":"https:\/\/www.os-slivnica.si\/index.php?rest_route=%2Fwp%2Fv2%2Fcategories&post=3449"},{"taxonomy":"post_tag","embeddable":true,"href":"https:\/\/www.os-slivnica.si\/index.php?rest_route=%2Fwp%2Fv2%2Ftags&post=3449"}],"curies":[{"name":"wp","href":"https:\/\/api.w.org\/{rel}","templated":true}]}}