{"id":3419,"date":"2017-04-24T08:31:57","date_gmt":"2017-04-24T06:31:57","guid":{"rendered":"http:\/\/slivnica.splet.arnes.si\/?p=3419"},"modified":"2017-04-24T22:00:24","modified_gmt":"2017-04-24T20:00:24","slug":"turisticni-krozek-prejel-priznanje-tudi-v-mariboru","status":"publish","type":"post","link":"https:\/\/www.os-slivnica.si\/?p=3419","title":{"rendered":"Turisti\u010dni kro\u017eek prejel priznanje tudi v Mariboru"},"content":{"rendered":"<p>Turisti\u010dni kro\u017eek se je v \u010detrtek, 20. aprila 2017, v mariborskem Mercator centru Tabor udele\u017eil sklepne turisti\u010dne tr\u017enice v okviru projekta Turizmu pomaga lastna glava, ki ga \u017ee 31. leto organizira Turisti\u010dna zveza Slovenije.ngg_shortcode_0_placeholder<!--more--> Na sklepni tr\u017enici so se predstavljali najbolj\u0161i udele\u017eenci festivala, ki je letos nosil naslov <strong>Potujem, torej sem<\/strong>. Na prireditvi je 35 najbolj\u0161ih ekip (ve\u010d kot 400 u\u010dencev in njihovih mentorjev) predstavilo svoje turisti\u010dne programe. Na\u0161 kro\u017eek se je predstavil s programom <strong>Po poteh kozjanskega razbojnika Robina Hooda<\/strong>\u00a0, v katerega je vklju\u010dil znamenitosti Prevorja in zgodbe o razbojniku Guzeju.<\/p>\n<p>Strokovna komisija je na sklepni tr\u017enici izbrala 16 najbolj\u0161ih stojnic, poleg tega pa so posameznikom ali ekipam podelili \u0161e posebne nagrade, med katerimi je na\u0161 kro\u017eek prejel <strong>zlato priznanje za najizvirnej\u0161o postavitev stojnice<\/strong>.<\/p>\n<p>Ve\u010d si lahko o projektu preberete na <a href=\"http:\/\/www.turisticna-zveza.si\/projekti\">spletni strani Turisti\u010dne zveze Slovenije<\/a>, kjer si lahko ogledate tudi ve\u010d <a href=\"http:\/\/www.turisticna-zveza.si\/fotogalerija.php?id=228\">fotografij<\/a>.<\/p>\n","protected":false},"excerpt":{"rendered":"<p>Turisti\u010dni kro\u017eek se je v \u010detrtek, 20. aprila 2017, v mariborskem Mercator centru Tabor udele\u017eil sklepne turisti\u010dne tr\u017enice v okviru projekta Turizmu pomaga lastna glava, ki ga \u017ee 31. leto organizira Turisti\u010dna zveza Slovenije.<\/p>\n","protected":false},"author":4050,"featured_media":0,"comment_status":"closed","ping_status":"closed","sticky":false,"template":"","format":"standard","meta":{"_et_pb_use_builder":"","_et_pb_old_content":"","_et_gb_content_width":"","ngg_post_thumbnail":0,"footnotes":"","_expiration-date-status":"","_expiration-date":0,"_expiration-date-type":"","_expiration-date-categories":[],"_expiration-date-options":[]},"categories":[9],"tags":[],"class_list":["post-3419","post","type-post","status-publish","format-standard","hentry","category-aktualno","et-doesnt-have-format-content","et_post_format-et-post-format-standard"],"_links":{"self":[{"href":"https:\/\/www.os-slivnica.si\/index.php?rest_route=\/wp\/v2\/posts\/3419","targetHints":{"allow":["GET"]}}],"collection":[{"href":"https:\/\/www.os-slivnica.si\/index.php?rest_route=\/wp\/v2\/posts"}],"about":[{"href":"https:\/\/www.os-slivnica.si\/index.php?rest_route=\/wp\/v2\/types\/post"}],"author":[{"embeddable":true,"href":"https:\/\/www.os-slivnica.si\/index.php?rest_route=\/wp\/v2\/users\/4050"}],"replies":[{"embeddable":true,"href":"https:\/\/www.os-slivnica.si\/index.php?rest_route=%2Fwp%2Fv2%2Fcomments&post=3419"}],"version-history":[{"count":8,"href":"https:\/\/www.os-slivnica.si\/index.php?rest_route=\/wp\/v2\/posts\/3419\/revisions"}],"predecessor-version":[{"id":3455,"href":"https:\/\/www.os-slivnica.si\/index.php?rest_route=\/wp\/v2\/posts\/3419\/revisions\/3455"}],"wp:attachment":[{"href":"https:\/\/www.os-slivnica.si\/index.php?rest_route=%2Fwp%2Fv2%2Fmedia&parent=3419"}],"wp:term":[{"taxonomy":"category","embeddable":true,"href":"https:\/\/www.os-slivnica.si\/index.php?rest_route=%2Fwp%2Fv2%2Fcategories&post=3419"},{"taxonomy":"post_tag","embeddable":true,"href":"https:\/\/www.os-slivnica.si\/index.php?rest_route=%2Fwp%2Fv2%2Ftags&post=3419"}],"curies":[{"name":"wp","href":"https:\/\/api.w.org\/{rel}","templated":true}]}}