{"id":33851,"date":"2026-09-01T15:02:43","date_gmt":"2026-09-01T13:02:43","guid":{"rendered":"https:\/\/slivnica.splet.arnes.si\/?p=33851"},"modified":"2026-09-01T15:02:43","modified_gmt":"2026-09-01T13:02:43","slug":"sprejem-prvosolcev-na-prevorju-2","status":"publish","type":"post","link":"https:\/\/www.os-slivnica.si\/?p=33851","title":{"rendered":"Sprejem prvo\u0161olcev na Prevorju"},"content":{"rendered":"<p>V torek, 1. 9. 2026, smo na Prevorju s kulturnim programom sprejeli pet prvo\u0161olcev.<\/p>\n<p><strong>Dobrodo\u0161li v \u0161oli: Alja, Ela, Jan, Maja in Larisa!<\/strong><\/p>\n<p>Prvo\u0161olce in njihove star\u0161e so pozdravili vodja \u0161ole Mateja Kramer, ravnateljica Monika Gajsler, \u017eupan Marko Diaci ter policist Ale\u0161 Kumer s policijske postaje \u0160entjur.&nbsp;<\/p>\n<p>Ob tej prilo\u017enosti so u\u010denci od \u017eupana prejeli tudi darilo (rutico, kresni\u010dko ter knjigo).<\/p>\n<p>Posladkali pa so se tudi s <strong data-start=\"1029\" data-end=\"1038\">torto<\/strong>, ki je sladko zaokro\u017eila njihov prvi \u0161olski dan.<\/p>\n<p>Dragi na\u0161i prvo\u0161olci,<br \/>\nnaj bo va\u0161a \u0161olska pot polna radovednosti, poguma in veselja.<\/p>\n<p>Sre\u010dno na novi poti!<\/p>\nngg_shortcode_0_placeholder\n","protected":false},"excerpt":{"rendered":"<p>V torek, 1. 9. 2026, smo na Prevorju s kulturnim programom sprejeli pet prvo\u0161olcev. Dobrodo\u0161li v \u0161oli: Alja, Ela, Jan, Maja in Larisa! Prvo\u0161olce in njihove star\u0161e so pozdravili vodja \u0161ole Mateja Kramer, ravnateljica Monika Gajsler, \u017eupan Marko Diaci ter policist Ale\u0161 Kumer s policijske postaje \u0160entjur.&nbsp; Ob tej prilo\u017enosti so u\u010denci od \u017eupana prejeli [&hellip;]<\/p>\n","protected":false},"author":7958,"featured_media":0,"comment_status":"closed","ping_status":"closed","sticky":false,"template":"","format":"standard","meta":{"_et_pb_use_builder":"","_et_pb_old_content":"","_et_gb_content_width":"","ngg_post_thumbnail":0,"footnotes":""},"categories":[9,11],"tags":[],"class_list":["post-33851","post","type-post","status-publish","format-standard","hentry","category-aktualno","category-ps-prevorje","et-doesnt-have-format-content","et_post_format-et-post-format-standard"],"publishpress_future_action":{"enabled":false,"date":"2026-09-08 18:12:21","action":"change-status","newStatus":"draft","terms":[],"taxonomy":"category","extraData":[]},"publishpress_future_workflow_manual_trigger":{"enabledWorkflows":[]},"_links":{"self":[{"href":"https:\/\/www.os-slivnica.si\/index.php?rest_route=\/wp\/v2\/posts\/33851","targetHints":{"allow":["GET"]}}],"collection":[{"href":"https:\/\/www.os-slivnica.si\/index.php?rest_route=\/wp\/v2\/posts"}],"about":[{"href":"https:\/\/www.os-slivnica.si\/index.php?rest_route=\/wp\/v2\/types\/post"}],"author":[{"embeddable":true,"href":"https:\/\/www.os-slivnica.si\/index.php?rest_route=\/wp\/v2\/users\/7958"}],"replies":[{"embeddable":true,"href":"https:\/\/www.os-slivnica.si\/index.php?rest_route=%2Fwp%2Fv2%2Fcomments&post=33851"}],"version-history":[{"count":3,"href":"https:\/\/www.os-slivnica.si\/index.php?rest_route=\/wp\/v2\/posts\/33851\/revisions"}],"predecessor-version":[{"id":33863,"href":"https:\/\/www.os-slivnica.si\/index.php?rest_route=\/wp\/v2\/posts\/33851\/revisions\/33863"}],"wp:attachment":[{"href":"https:\/\/www.os-slivnica.si\/index.php?rest_route=%2Fwp%2Fv2%2Fmedia&parent=33851"}],"wp:term":[{"taxonomy":"category","embeddable":true,"href":"https:\/\/www.os-slivnica.si\/index.php?rest_route=%2Fwp%2Fv2%2Fcategories&post=33851"},{"taxonomy":"post_tag","embeddable":true,"href":"https:\/\/www.os-slivnica.si\/index.php?rest_route=%2Fwp%2Fv2%2Ftags&post=33851"}],"curies":[{"name":"wp","href":"https:\/\/api.w.org\/{rel}","templated":true}]}}