{"id":3247,"date":"2017-03-27T23:20:46","date_gmt":"2017-03-27T21:20:46","guid":{"rendered":"http:\/\/slivnica.splet.arnes.si\/?p=3247"},"modified":"2017-03-27T23:20:46","modified_gmt":"2017-03-27T21:20:46","slug":"prireditev-ob-materinskem-dnevu-v-loki","status":"publish","type":"post","link":"https:\/\/www.os-slivnica.si\/?p=3247","title":{"rendered":"Prireditev ob materinskem dnevu v Loki"},"content":{"rendered":"<p style=\"text-align: center\"><em><span style=\"color: #ff00d9\">Oh, mami, danes, ko je materinski dan,<\/span><\/em><\/p>\n<p style=\"text-align: center\"><em><span style=\"color: #ff00d9\">naj bo ves s soncem obsijan.<\/span><\/em><\/p>\n<p style=\"text-align: center\"><em><span style=\"color: #ff00d9\">Jaz tako rad te imam,<\/span><\/em><\/p>\n<p style=\"text-align: center\"><em><span style=\"color: #ff00d9\">da za ni\u010d na svetu te ne dam<\/span><\/em>.<\/p>\n<p style=\"text-align: left\">To je samo nekaj verzov, ki so jih peto\u0161olci spesnili posebej za prireditev ob materinskem dnevu, katero \u017ee tradicionalno organizira KS Loka pri \u017dusmu. Letos je ta potekala prav na materinski dan, zato je bilo praznovanje \u0161e toliko bolj pristno. U\u010denci so tokrat popestrili program z dramsko-pevsko uprizoritvijo Rde\u010de kapice, deklamacijami, igranjem na kitaro ter s petjem in plesom. Na koncu so mamam, babicam, tetam&#8230; razdelili \u0161e darilca, ki so jih izdelali sami &#8211; ro\u017eice ter &#8220;mamakotke za polep\u0161anje materinskega dne&#8221;.\u00a0ngg_shortcode_0_placeholder<\/p>\n<p style=\"text-align: center\">\n","protected":false},"excerpt":{"rendered":"<p>Oh, mami, danes, ko je materinski dan, naj bo ves s soncem obsijan. Jaz tako rad te imam, da za ni\u010d na svetu te ne dam. To je samo nekaj verzov, ki so jih peto\u0161olci spesnili posebej za prireditev ob materinskem dnevu, katero \u017ee tradicionalno organizira KS Loka pri \u017dusmu. Letos je ta potekala prav [&hellip;]<\/p>\n","protected":false},"author":6078,"featured_media":0,"comment_status":"closed","ping_status":"closed","sticky":false,"template":"","format":"standard","meta":{"_et_pb_use_builder":"","_et_pb_old_content":"","_et_gb_content_width":"","ngg_post_thumbnail":0,"footnotes":"","_expiration-date-status":"","_expiration-date":0,"_expiration-date-type":"","_expiration-date-categories":[],"_expiration-date-options":[]},"categories":[10],"tags":[],"class_list":["post-3247","post","type-post","status-publish","format-standard","hentry","category-ps-loka","et-doesnt-have-format-content","et_post_format-et-post-format-standard"],"_links":{"self":[{"href":"https:\/\/www.os-slivnica.si\/index.php?rest_route=\/wp\/v2\/posts\/3247","targetHints":{"allow":["GET"]}}],"collection":[{"href":"https:\/\/www.os-slivnica.si\/index.php?rest_route=\/wp\/v2\/posts"}],"about":[{"href":"https:\/\/www.os-slivnica.si\/index.php?rest_route=\/wp\/v2\/types\/post"}],"author":[{"embeddable":true,"href":"https:\/\/www.os-slivnica.si\/index.php?rest_route=\/wp\/v2\/users\/6078"}],"replies":[{"embeddable":true,"href":"https:\/\/www.os-slivnica.si\/index.php?rest_route=%2Fwp%2Fv2%2Fcomments&post=3247"}],"version-history":[{"count":5,"href":"https:\/\/www.os-slivnica.si\/index.php?rest_route=\/wp\/v2\/posts\/3247\/revisions"}],"predecessor-version":[{"id":3257,"href":"https:\/\/www.os-slivnica.si\/index.php?rest_route=\/wp\/v2\/posts\/3247\/revisions\/3257"}],"wp:attachment":[{"href":"https:\/\/www.os-slivnica.si\/index.php?rest_route=%2Fwp%2Fv2%2Fmedia&parent=3247"}],"wp:term":[{"taxonomy":"category","embeddable":true,"href":"https:\/\/www.os-slivnica.si\/index.php?rest_route=%2Fwp%2Fv2%2Fcategories&post=3247"},{"taxonomy":"post_tag","embeddable":true,"href":"https:\/\/www.os-slivnica.si\/index.php?rest_route=%2Fwp%2Fv2%2Ftags&post=3247"}],"curies":[{"name":"wp","href":"https:\/\/api.w.org\/{rel}","templated":true}]}}