{"id":3235,"date":"2017-03-24T10:36:19","date_gmt":"2017-03-24T09:36:19","guid":{"rendered":"http:\/\/slivnica.splet.arnes.si\/?p=3235"},"modified":"2017-03-24T10:36:19","modified_gmt":"2017-03-24T09:36:19","slug":"sopek-srece-v-gorici","status":"publish","type":"post","link":"https:\/\/www.os-slivnica.si\/?p=3235","title":{"rendered":"\u0160opek sre\u010de v Gorici"},"content":{"rendered":"<p>V \u010detrtek, 23. 3. 2017, so u\u010denci od 1.- 5. razreda z u\u010diteljicami ter s prijatelji iz vrtca \u0160entjur \u2013 enota Slivnica pripravili prelepo proslavo ob materinskem prazniku. Namenjena je bila vsem star\u0161em, sorodnikom, krajanom in tudi drugim. Polna dvorana obiskovalcev Kulturnega doma v Gorici je bila navdu\u0161ena nad petjem, plesom, deklamacijami, igranjem na instrumente&#8230; Domov so se vra\u010dali s prijetnimi ob\u010dutki, njihova srca pa so bila obogatena vsaj za en \u0161opek sre\u010de ve\u010d. Obiskovalci so prejeli simboli\u010dno darilce s prelepo mislijo, za katera so poskrbeli u\u010denci in u\u010diteljice podalj\u0161anega bivanja in KS Slivnica pri Celju.<\/p>\nngg_shortcode_0_placeholder\n","protected":false},"excerpt":{"rendered":"<p>V \u010detrtek, 23. 3. 2017, so u\u010denci od 1.- 5. razreda z u\u010diteljicami ter s prijatelji iz vrtca \u0160entjur \u2013 enota Slivnica pripravili prelepo proslavo ob materinskem prazniku. Namenjena je bila vsem star\u0161em, sorodnikom, krajanom in tudi drugim. Polna dvorana obiskovalcev Kulturnega doma v Gorici je bila navdu\u0161ena nad petjem, plesom, deklamacijami, igranjem na instrumente&#8230; [&hellip;]<\/p>\n","protected":false},"author":5704,"featured_media":0,"comment_status":"closed","ping_status":"closed","sticky":false,"template":"","format":"standard","meta":{"_et_pb_use_builder":"","_et_pb_old_content":"","_et_gb_content_width":"","ngg_post_thumbnail":0,"footnotes":"","_expiration-date-status":"","_expiration-date":0,"_expiration-date-type":"","_expiration-date-categories":[],"_expiration-date-options":[]},"categories":[9],"tags":[],"class_list":["post-3235","post","type-post","status-publish","format-standard","hentry","category-aktualno","et-doesnt-have-format-content","et_post_format-et-post-format-standard"],"_links":{"self":[{"href":"https:\/\/www.os-slivnica.si\/index.php?rest_route=\/wp\/v2\/posts\/3235","targetHints":{"allow":["GET"]}}],"collection":[{"href":"https:\/\/www.os-slivnica.si\/index.php?rest_route=\/wp\/v2\/posts"}],"about":[{"href":"https:\/\/www.os-slivnica.si\/index.php?rest_route=\/wp\/v2\/types\/post"}],"author":[{"embeddable":true,"href":"https:\/\/www.os-slivnica.si\/index.php?rest_route=\/wp\/v2\/users\/5704"}],"replies":[{"embeddable":true,"href":"https:\/\/www.os-slivnica.si\/index.php?rest_route=%2Fwp%2Fv2%2Fcomments&post=3235"}],"version-history":[{"count":1,"href":"https:\/\/www.os-slivnica.si\/index.php?rest_route=\/wp\/v2\/posts\/3235\/revisions"}],"predecessor-version":[{"id":3237,"href":"https:\/\/www.os-slivnica.si\/index.php?rest_route=\/wp\/v2\/posts\/3235\/revisions\/3237"}],"wp:attachment":[{"href":"https:\/\/www.os-slivnica.si\/index.php?rest_route=%2Fwp%2Fv2%2Fmedia&parent=3235"}],"wp:term":[{"taxonomy":"category","embeddable":true,"href":"https:\/\/www.os-slivnica.si\/index.php?rest_route=%2Fwp%2Fv2%2Fcategories&post=3235"},{"taxonomy":"post_tag","embeddable":true,"href":"https:\/\/www.os-slivnica.si\/index.php?rest_route=%2Fwp%2Fv2%2Ftags&post=3235"}],"curies":[{"name":"wp","href":"https:\/\/api.w.org\/{rel}","templated":true}]}}