{"id":3231,"date":"2017-03-24T11:07:04","date_gmt":"2017-03-24T10:07:04","guid":{"rendered":"http:\/\/slivnica.splet.arnes.si\/?p=3231"},"modified":"2017-03-24T11:11:26","modified_gmt":"2017-03-24T10:11:26","slug":"turisticni-krozek-odlicen-v-celju","status":"publish","type":"post","link":"https:\/\/www.os-slivnica.si\/?p=3231","title":{"rendered":"Turisti\u010dni kro\u017eek odli\u010den v Celju"},"content":{"rendered":"<p>Turisti\u010dni kro\u017eek je tudi letos sodeloval na festivalu Turizmu pomaga lastna glava, ki ga \u017ee 31. leto organizira <strong>Turisti\u010dna zveza Slovenije<\/strong>. Na razpisano temo Potujem, torej sem je izdelal seminarsko nalogo z naslovom <strong>Po poteh kozjanskega razbojnika Robina Hooda<\/strong>, v katerem je predstavil dvodnevni program. V njega je vklju\u010dil turisti\u010dno ponudbo Prevorja in zgodbe o razbojniku Guzeju. Nalogo je predstavil na turisti\u010dni tr\u017enici, ki je bila v \u010detrtek, 23. marca 2017, v Mercator centru v Celju.ngg_shortcode_0_placeholder <!--more-->Na tr\u017enici je sodelovalo \u0161e 15 osnovnih \u0161ol s \u0161ir\u0161ega celjskega obmo\u010dja. Pet\u010dlanska komisija je poleg naloge ocenjevala tudi njihove stojnice in nastope u\u010dencev. Na\u0161i u\u010denci so se odli\u010dno odrezali in za svoj trud prejeli zlato priznanje. Na turisti\u010dni tr\u017enici so sodelovali: <strong>Nika Punger\u0161ek, Patricija Tan\u0161ek, Brina Gorza, Barbara Zalokar, Anej Tan\u0161ek, Maja Podkraj\u0161ek, Leja Ratej, Luka \u00a0Voga, Urh Urleb, \u017diga Tovornik, Benjamin Ko\u0161ak Pevec, Kristjan Jurjec, \u017dan Fendre<\/strong>. Pri nalogi in izdelovanju izdelkov so sodelovali \u0161e <strong>Peter Mansutti, Gregor Mansutti<\/strong> in <strong>Niko \u017dafran<\/strong>.<\/p>\n<p>\u010clani kro\u017eka se bodo z mentoricama Bredo \u017dupanc in Jo\u017eico Vodeb udele\u017eili tudi predstavitve na turisti\u010dni tr\u017enici v Mariboru, ki bo v \u010detrtek, 20. aprila 2017.<\/p>\n","protected":false},"excerpt":{"rendered":"<p>Turisti\u010dni kro\u017eek je tudi letos sodeloval na festivalu Turizmu pomaga lastna glava, ki ga \u017ee 31. leto organizira Turisti\u010dna zveza Slovenije. Na razpisano temo Potujem, torej sem je izdelal seminarsko nalogo z naslovom Po poteh kozjanskega razbojnika Robina Hooda, v katerem je predstavil dvodnevni program. V njega je vklju\u010dil turisti\u010dno ponudbo Prevorja in zgodbe o [&hellip;]<\/p>\n","protected":false},"author":4050,"featured_media":0,"comment_status":"closed","ping_status":"closed","sticky":false,"template":"","format":"standard","meta":{"_et_pb_use_builder":"","_et_pb_old_content":"","_et_gb_content_width":"","ngg_post_thumbnail":0,"footnotes":"","_expiration-date-status":"","_expiration-date":0,"_expiration-date-type":"","_expiration-date-categories":[],"_expiration-date-options":[]},"categories":[9],"tags":[],"class_list":["post-3231","post","type-post","status-publish","format-standard","hentry","category-aktualno","et-doesnt-have-format-content","et_post_format-et-post-format-standard"],"_links":{"self":[{"href":"https:\/\/www.os-slivnica.si\/index.php?rest_route=\/wp\/v2\/posts\/3231","targetHints":{"allow":["GET"]}}],"collection":[{"href":"https:\/\/www.os-slivnica.si\/index.php?rest_route=\/wp\/v2\/posts"}],"about":[{"href":"https:\/\/www.os-slivnica.si\/index.php?rest_route=\/wp\/v2\/types\/post"}],"author":[{"embeddable":true,"href":"https:\/\/www.os-slivnica.si\/index.php?rest_route=\/wp\/v2\/users\/4050"}],"replies":[{"embeddable":true,"href":"https:\/\/www.os-slivnica.si\/index.php?rest_route=%2Fwp%2Fv2%2Fcomments&post=3231"}],"version-history":[{"count":4,"href":"https:\/\/www.os-slivnica.si\/index.php?rest_route=\/wp\/v2\/posts\/3231\/revisions"}],"predecessor-version":[{"id":3245,"href":"https:\/\/www.os-slivnica.si\/index.php?rest_route=\/wp\/v2\/posts\/3231\/revisions\/3245"}],"wp:attachment":[{"href":"https:\/\/www.os-slivnica.si\/index.php?rest_route=%2Fwp%2Fv2%2Fmedia&parent=3231"}],"wp:term":[{"taxonomy":"category","embeddable":true,"href":"https:\/\/www.os-slivnica.si\/index.php?rest_route=%2Fwp%2Fv2%2Fcategories&post=3231"},{"taxonomy":"post_tag","embeddable":true,"href":"https:\/\/www.os-slivnica.si\/index.php?rest_route=%2Fwp%2Fv2%2Ftags&post=3231"}],"curies":[{"name":"wp","href":"https:\/\/api.w.org\/{rel}","templated":true}]}}