{"id":3129,"date":"2017-03-15T18:58:57","date_gmt":"2017-03-15T17:58:57","guid":{"rendered":"http:\/\/slivnica.splet.arnes.si\/?p=3129"},"modified":"2017-03-16T08:27:58","modified_gmt":"2017-03-16T07:27:58","slug":"vabilo-na-prireditev-pomlad-v-naravi-in-na-nebu","status":"publish","type":"post","link":"https:\/\/www.os-slivnica.si\/?p=3129","title":{"rendered":"Vabilo na prireditev Pomlad v naravi in na nebu"},"content":{"rendered":"<p>Spo\u0161tovani.<\/p>\n<p>\u010clani astronomskega dru\u0161tva Kosci \u0160entjur \u00a0in kolektiv Ramne vas vabimo na prireditev Pomlad v naravi in na nebu.<\/p>\n<p>Opazovanje zimsko \u00a0pomladnega no\u010dnega neba bomo izvedli <strong>v petek, 17. 3. 2017 \u00a0od \u00a019.ure dalje.<\/strong><!--more--><\/p>\n<p>Vse javne prireditve Astronomskega\u00a0dru\u0161tva Kosci \u0160entjur so brezpla\u010dne.<\/p>\n<p>Hvale\u017eni vam bomo, \u010de boste o dogodku obvestili va\u0161e cenjene prijatelje in znance in jih pripeljali na Ramno, v Rakitovec ob Slivni\u0161kem jezeru.<\/p>\n<p><strong>Toplo se oblecite in obujte.<\/strong><\/p>\n<p><a href=\"http:\/\/slivnica.splet.arnes.si\/files\/2017\/03\/Vabilo-marec-2017.png\"><img loading=\"lazy\" decoding=\"async\" class=\"alignnone size-medium wp-image-3153\" src=\"http:\/\/slivnica.splet.arnes.si\/files\/2017\/03\/Vabilo-marec-2017-300x224.png\" alt=\"\" width=\"300\" height=\"224\" srcset=\"https:\/\/www.os-slivnica.si\/files\/2017\/03\/Vabilo-marec-2017-300x224.png 300w, https:\/\/www.os-slivnica.si\/files\/2017\/03\/Vabilo-marec-2017-768x572.png 768w, https:\/\/www.os-slivnica.si\/files\/2017\/03\/Vabilo-marec-2017-510x382.png 510w, https:\/\/www.os-slivnica.si\/files\/2017\/03\/Vabilo-marec-2017.png 800w\" sizes=\"(max-width: 300px) 100vw, 300px\" \/><\/a><\/p>\n<p>Vabljeni.<\/p>\n<h2 id=\":kz\" class=\"hP\"><\/h2>\n","protected":false},"excerpt":{"rendered":"<p>Spo\u0161tovani. \u010clani astronomskega dru\u0161tva Kosci \u0160entjur \u00a0in kolektiv Ramne vas vabimo na prireditev Pomlad v naravi in na nebu. Opazovanje zimsko \u00a0pomladnega no\u010dnega neba bomo izvedli v petek, 17. 3. 2017 \u00a0od \u00a019.ure dalje.<\/p>\n","protected":false},"author":6050,"featured_media":0,"comment_status":"closed","ping_status":"closed","sticky":false,"template":"","format":"standard","meta":{"_et_pb_use_builder":"","_et_pb_old_content":"","_et_gb_content_width":"","ngg_post_thumbnail":0,"footnotes":"","_expiration-date-status":"","_expiration-date":0,"_expiration-date-type":"","_expiration-date-categories":[],"_expiration-date-options":[]},"categories":[9],"tags":[],"class_list":["post-3129","post","type-post","status-publish","format-standard","hentry","category-aktualno","et-doesnt-have-format-content","et_post_format-et-post-format-standard"],"_links":{"self":[{"href":"https:\/\/www.os-slivnica.si\/index.php?rest_route=\/wp\/v2\/posts\/3129","targetHints":{"allow":["GET"]}}],"collection":[{"href":"https:\/\/www.os-slivnica.si\/index.php?rest_route=\/wp\/v2\/posts"}],"about":[{"href":"https:\/\/www.os-slivnica.si\/index.php?rest_route=\/wp\/v2\/types\/post"}],"author":[{"embeddable":true,"href":"https:\/\/www.os-slivnica.si\/index.php?rest_route=\/wp\/v2\/users\/6050"}],"replies":[{"embeddable":true,"href":"https:\/\/www.os-slivnica.si\/index.php?rest_route=%2Fwp%2Fv2%2Fcomments&post=3129"}],"version-history":[{"count":7,"href":"https:\/\/www.os-slivnica.si\/index.php?rest_route=\/wp\/v2\/posts\/3129\/revisions"}],"predecessor-version":[{"id":3155,"href":"https:\/\/www.os-slivnica.si\/index.php?rest_route=\/wp\/v2\/posts\/3129\/revisions\/3155"}],"wp:attachment":[{"href":"https:\/\/www.os-slivnica.si\/index.php?rest_route=%2Fwp%2Fv2%2Fmedia&parent=3129"}],"wp:term":[{"taxonomy":"category","embeddable":true,"href":"https:\/\/www.os-slivnica.si\/index.php?rest_route=%2Fwp%2Fv2%2Fcategories&post=3129"},{"taxonomy":"post_tag","embeddable":true,"href":"https:\/\/www.os-slivnica.si\/index.php?rest_route=%2Fwp%2Fv2%2Ftags&post=3129"}],"curies":[{"name":"wp","href":"https:\/\/api.w.org\/{rel}","templated":true}]}}