{"id":3113,"date":"2017-03-15T11:31:03","date_gmt":"2017-03-15T10:31:03","guid":{"rendered":"http:\/\/slivnica.splet.arnes.si\/?p=3113"},"modified":"2017-03-15T15:59:17","modified_gmt":"2017-03-15T14:59:17","slug":"na-prevorju-smo-si-izdelali-vetrokaze","status":"publish","type":"post","link":"https:\/\/www.os-slivnica.si\/?p=3113","title":{"rendered":"Na Prevorju smo izdelali vetrokaze"},"content":{"rendered":"<p><strong>Ta vremenska poro\u010dila,<\/strong><br \/>\n<strong> ni\u010d kaj niso uganila.<\/strong><br \/>\n<strong> Kak\u0161no vreme jutri bo,<\/strong><br \/>\n<strong> al` bo lepo, al` grdo. <\/strong>(Ljudska)<strong><br \/>\n<\/strong><\/p>\n<p>Takole smo si prepevali u\u010denci<strong> 1. in 2. razreda,<\/strong> ko smo se\u00a0 pri <strong>spoznavanju okolja<\/strong> pogovarjali o<strong> vremenu<\/strong>, <strong>spremljali<\/strong> in <strong>bele\u017eili vsakodnevno vremensko napoved<\/strong> in si nazadnje <strong>izdelali \u0161e vetrokaze. <\/strong><\/p>\nngg_shortcode_0_placeholder\n<p>&nbsp;<\/p>\n","protected":false},"excerpt":{"rendered":"<p>Ta vremenska poro\u010dila, ni\u010d kaj niso uganila. Kak\u0161no vreme jutri bo, al` bo lepo, al` grdo. (Ljudska) Takole smo si prepevali u\u010denci 1. in 2. razreda, ko smo se\u00a0 pri spoznavanju okolja pogovarjali o vremenu, spremljali in bele\u017eili vsakodnevno vremensko napoved in si nazadnje izdelali \u0161e vetrokaze. &nbsp;<\/p>\n","protected":false},"author":6009,"featured_media":0,"comment_status":"closed","ping_status":"closed","sticky":false,"template":"","format":"standard","meta":{"_et_pb_use_builder":"","_et_pb_old_content":"","_et_gb_content_width":"","ngg_post_thumbnail":0,"footnotes":"","_expiration-date-status":"","_expiration-date":0,"_expiration-date-type":"","_expiration-date-categories":[],"_expiration-date-options":[]},"categories":[11],"tags":[],"class_list":["post-3113","post","type-post","status-publish","format-standard","hentry","category-ps-prevorje","et-doesnt-have-format-content","et_post_format-et-post-format-standard"],"_links":{"self":[{"href":"https:\/\/www.os-slivnica.si\/index.php?rest_route=\/wp\/v2\/posts\/3113","targetHints":{"allow":["GET"]}}],"collection":[{"href":"https:\/\/www.os-slivnica.si\/index.php?rest_route=\/wp\/v2\/posts"}],"about":[{"href":"https:\/\/www.os-slivnica.si\/index.php?rest_route=\/wp\/v2\/types\/post"}],"author":[{"embeddable":true,"href":"https:\/\/www.os-slivnica.si\/index.php?rest_route=\/wp\/v2\/users\/6009"}],"replies":[{"embeddable":true,"href":"https:\/\/www.os-slivnica.si\/index.php?rest_route=%2Fwp%2Fv2%2Fcomments&post=3113"}],"version-history":[{"count":6,"href":"https:\/\/www.os-slivnica.si\/index.php?rest_route=\/wp\/v2\/posts\/3113\/revisions"}],"predecessor-version":[{"id":3125,"href":"https:\/\/www.os-slivnica.si\/index.php?rest_route=\/wp\/v2\/posts\/3113\/revisions\/3125"}],"wp:attachment":[{"href":"https:\/\/www.os-slivnica.si\/index.php?rest_route=%2Fwp%2Fv2%2Fmedia&parent=3113"}],"wp:term":[{"taxonomy":"category","embeddable":true,"href":"https:\/\/www.os-slivnica.si\/index.php?rest_route=%2Fwp%2Fv2%2Fcategories&post=3113"},{"taxonomy":"post_tag","embeddable":true,"href":"https:\/\/www.os-slivnica.si\/index.php?rest_route=%2Fwp%2Fv2%2Ftags&post=3113"}],"curies":[{"name":"wp","href":"https:\/\/api.w.org\/{rel}","templated":true}]}}