{"id":3092,"date":"2017-03-06T10:14:51","date_gmt":"2017-03-06T09:14:51","guid":{"rendered":"http:\/\/slivnica.splet.arnes.si\/?p=3092"},"modified":"2017-03-06T10:18:24","modified_gmt":"2017-03-06T09:18:24","slug":"akcija-zbiranja-drobiza-za-nakup-knjig-za-solsko-knjiznico","status":"publish","type":"post","link":"https:\/\/www.os-slivnica.si\/?p=3092","title":{"rendered":"Akcija zbiranja drobi\u017ea za nakup knjig za \u0161olsko knji\u017enico"},"content":{"rendered":"<p><strong>\u0160olski sklad O\u0160 Slivnica pri Celju<\/strong> se je odlo\u010dil, da bo <strong>meseca marca 2017<\/strong> na mati\u010dni \u0161oli in na obeh podru\u017enicah potekala <strong>akcija zbiranja drobi\u017ea <\/strong>za nakup knjig po izboru u\u010dencev za \u0161olsko knji\u017enico.<!--more--><\/p>\n<p>Radi bi kupili knjige, ki jih u\u010denci najraje prebirate. Predloge je zbrala knji\u017eni\u010darka (nahajajo se v u\u010dilnicah oz. pri razredni\u010darkah in pri skrinjicah za drobi\u017e), seveda pa boste lahko u\u010denci predlagali tudi druge naslove. <strong>Svoje predloge do konca marca oddajte v knji\u017enici<\/strong>. Po kon\u010dani akciji zbiranja drobi\u017ea boste u\u010denci z glasovanjem izbrali knjige, ki jih bomo kupili. Glede na zbrana sredstva bomo kupili knjige, ki bodo dobile <strong>najve\u010d glasov<\/strong>.<\/p>\n<p><strong>Najlep\u0161a hvala za darovani drobi\u017e. Upamo, da bomo lahko kupili kar nekaj knjig, ki si jih boste lahko v prihodnje sposojali v \u0161olski knji\u017enici. <\/strong><\/p>\n<p><strong>\u00a0<\/strong><\/p>\n<p><strong>\u017delimo vam prijetno branje.<\/strong><\/p>\n<p><strong>\u00a0\u00a0\u00a0\u00a0\u00a0\u00a0\u00a0\u00a0\u00a0\u00a0\u00a0\u00a0\u00a0\u00a0\u00a0\u00a0\u00a0\u00a0\u00a0\u00a0\u00a0\u00a0\u00a0\u00a0\u00a0\u00a0\u00a0\u00a0\u00a0\u00a0\u00a0\u00a0\u00a0\u00a0\u00a0\u00a0\u00a0\u00a0\u00a0\u00a0\u00a0\u00a0\u00a0\u00a0\u00a0\u00a0\u00a0\u00a0\u00a0\u00a0\u00a0\u00a0\u00a0\u00a0\u00a0\u00a0\u00a0\u00a0\u00a0\u00a0\u00a0\u00a0 \u00a0\u00a0\u00a0\u00a0\u00a0\u00a0\u00a0\u00a0\u00a0\u00a0\u00a0\u00a0\u00a0\u00a0\u00a0\u00a0\u00a0\u00a0\u00a0\u00a0\u00a0\u00a0\u00a0<\/strong><\/p>\n<p><strong>\u00a0 \u00a0 \u00a0 \u00a0 \u00a0 \u00a0 \u00a0 \u00a0 \u00a0 \u00a0 \u00a0 \u00a0 \u00a0 \u00a0 \u00a0 \u00a0 \u00a0 \u00a0 \u00a0 \u00a0 \u00a0 \u00a0 \u00a0 \u00a0 \u00a0 \u00a0 \u00a0 \u00a0 \u00a0 \u00a0 \u00a0 \u00a0 \u00a0 \u00a0 \u00a0 \u00a0 \u00a0 \u00a0 \u00a0 \u00a0 \u00a0 \u00a0 \u00a0 \u00a0 \u00a0 \u00a0 \u00a0 \u00a0 \u00a0\u0160olski sklad O\u0160 Slivnica pri Celju<\/strong><\/p>\n<p><strong>\u00a0 \u00a0 \u00a0 \u00a0 \u00a0 \u00a0 \u00a0 \u00a0 \u00a0 \u00a0 \u00a0 \u00a0 \u00a0 \u00a0 \u00a0 \u00a0 \u00a0 \u00a0 \u00a0 \u00a0 \u00a0 \u00a0 \u00a0 \u00a0 \u00a0 \u00a0 \u00a0 \u00a0 \u00a0 \u00a0 \u00a0 \u00a0 \u00a0 \u00a0 \u00a0 \u00a0 \u00a0 \u00a0 \u00a0 \u00a0 \u00a0 \u00a0 \u00a0 \u00a0 \u00a0 \u00a0 \u00a0 \u00a0 \u00a0Predsednica Andreja Kri\u017ean Lipnik\u00a0\u00a0\u00a0\u00a0\u00a0\u00a0\u00a0\u00a0\u00a0\u00a0\u00a0\u00a0 \u00a0\u00a0\u00a0\u00a0\u00a0\u00a0\u00a0\u00a0\u00a0\u00a0\u00a0\u00a0\u00a0\u00a0\u00a0\u00a0\u00a0\u00a0\u00a0\u00a0\u00a0\u00a0\u00a0\u00a0\u00a0\u00a0\u00a0\u00a0\u00a0<\/strong><\/p>\n<p>&nbsp;<\/p>\n<p>&nbsp;<\/p>\n<p><strong>\u00a0<\/strong><\/p>\n","protected":false},"excerpt":{"rendered":"<p>\u0160olski sklad O\u0160 Slivnica pri Celju se je odlo\u010dil, da bo meseca marca 2017 na mati\u010dni \u0161oli in na obeh podru\u017enicah potekala akcija zbiranja drobi\u017ea za nakup knjig po izboru u\u010dencev za \u0161olsko knji\u017enico.<\/p>\n","protected":false},"author":4050,"featured_media":0,"comment_status":"closed","ping_status":"closed","sticky":false,"template":"","format":"standard","meta":{"_et_pb_use_builder":"","_et_pb_old_content":"","_et_gb_content_width":"","ngg_post_thumbnail":0,"footnotes":"","_expiration-date-status":"","_expiration-date":0,"_expiration-date-type":"","_expiration-date-categories":[],"_expiration-date-options":[]},"categories":[9],"tags":[],"class_list":["post-3092","post","type-post","status-publish","format-standard","hentry","category-aktualno","et-doesnt-have-format-content","et_post_format-et-post-format-standard"],"_links":{"self":[{"href":"https:\/\/www.os-slivnica.si\/index.php?rest_route=\/wp\/v2\/posts\/3092","targetHints":{"allow":["GET"]}}],"collection":[{"href":"https:\/\/www.os-slivnica.si\/index.php?rest_route=\/wp\/v2\/posts"}],"about":[{"href":"https:\/\/www.os-slivnica.si\/index.php?rest_route=\/wp\/v2\/types\/post"}],"author":[{"embeddable":true,"href":"https:\/\/www.os-slivnica.si\/index.php?rest_route=\/wp\/v2\/users\/4050"}],"replies":[{"embeddable":true,"href":"https:\/\/www.os-slivnica.si\/index.php?rest_route=%2Fwp%2Fv2%2Fcomments&post=3092"}],"version-history":[{"count":1,"href":"https:\/\/www.os-slivnica.si\/index.php?rest_route=\/wp\/v2\/posts\/3092\/revisions"}],"predecessor-version":[{"id":3093,"href":"https:\/\/www.os-slivnica.si\/index.php?rest_route=\/wp\/v2\/posts\/3092\/revisions\/3093"}],"wp:attachment":[{"href":"https:\/\/www.os-slivnica.si\/index.php?rest_route=%2Fwp%2Fv2%2Fmedia&parent=3092"}],"wp:term":[{"taxonomy":"category","embeddable":true,"href":"https:\/\/www.os-slivnica.si\/index.php?rest_route=%2Fwp%2Fv2%2Fcategories&post=3092"},{"taxonomy":"post_tag","embeddable":true,"href":"https:\/\/www.os-slivnica.si\/index.php?rest_route=%2Fwp%2Fv2%2Ftags&post=3092"}],"curies":[{"name":"wp","href":"https:\/\/api.w.org\/{rel}","templated":true}]}}