{"id":3089,"date":"2017-03-06T10:10:42","date_gmt":"2017-03-06T09:10:42","guid":{"rendered":"http:\/\/slivnica.splet.arnes.si\/?p=3089"},"modified":"2017-03-06T10:17:21","modified_gmt":"2017-03-06T09:17:21","slug":"kulturni-dan-sedmosolcev-in-nacionalni-projekt-rastem-s-knjigo","status":"publish","type":"post","link":"https:\/\/www.os-slivnica.si\/?p=3089","title":{"rendered":"Kulturni dan sedmo\u0161olcev in nacionalni projekt Rastem s knjigo"},"content":{"rendered":"<p>Projekt <strong>Rastem s knjigo &#8211; izvirno slovensko mladinsko leposlovno delo vsakemu sedmo\u0161olcu<\/strong>\u00a0je nacionalni projekt, v katerega so \u017ee enajsto leto zapored vklju\u010deni vsi slovenski sedmo\u0161olci in je obvezen del letnega delovnega na\u010drta. Namen projekta je motivirati u\u010dence za branje kvalitetnega mladinskega leposlovja slovenskih avtorjev in jih spodbuditi k obiskovanju splo\u0161nih knji\u017enic.<!--more--><\/p>\n<p>Ob obisku splo\u0161ne knji\u017enice u\u010denci spoznavajo knji\u017eni\u010dna informacijska znanja, seznanjajo se z najnovej\u0161im mladinskim leposlovjem, avtorji in knjigo, ki jo bodo prejeli v dar. Letos bodo vsi sedmo\u0161olci obdarovani s knjigo pisatelja\u00a0<strong>Vinka Moederndorferja Kit na pla\u017e<\/strong>i.<\/p>\n<p>Projekt izvaja <strong>Javna agencija za knjigo <\/strong>v sodelovanju z Ministrstvom za kulturo, Ministrstvom za izobra\u017eevanje, znanost in \u0161port, Pionirsko &#8211; centrom za mladinsko knji\u017eevnost in knji\u017eni\u010darstvo pri Mestni knji\u017enici Ljubljana (MKL), Zavodom RS za \u0161olstvo, Zdru\u017eenjem splo\u0161nih knji\u017enic, Sekcijo \u0161olskih knji\u017enic pri ZBDS, Dru\u0161tvom \u0161olskih knji\u017eni\u010darjev Slovenije in Dru\u0161tvom slovenskih pisateljev.<\/p>\n<p>Kulturni dan bomo izvedli v \u010detrtek, 9. marca 2017, \u00a0v sodelovanju s Knji\u017enico \u0160entjur, Turisti\u010dnim informativnim centrom \u0160entjur ter Ob\u010dino \u0160entjur. Poleg Knji\u017enice \u0160entjur si bomo ogledali \u0161e Ipav\u010devo hi\u0161o ter Muzej Rifnik in njegovi zakladi.<\/p>\n","protected":false},"excerpt":{"rendered":"<p>Projekt Rastem s knjigo &#8211; izvirno slovensko mladinsko leposlovno delo vsakemu sedmo\u0161olcu\u00a0je nacionalni projekt, v katerega so \u017ee enajsto leto zapored vklju\u010deni vsi slovenski sedmo\u0161olci in je obvezen del letnega delovnega na\u010drta. Namen projekta je motivirati u\u010dence za branje kvalitetnega mladinskega leposlovja slovenskih avtorjev in jih spodbuditi k obiskovanju splo\u0161nih knji\u017enic.<\/p>\n","protected":false},"author":4050,"featured_media":0,"comment_status":"closed","ping_status":"closed","sticky":false,"template":"","format":"standard","meta":{"_et_pb_use_builder":"","_et_pb_old_content":"","_et_gb_content_width":"","ngg_post_thumbnail":0,"footnotes":"","_expiration-date-status":"","_expiration-date":0,"_expiration-date-type":"","_expiration-date-categories":[],"_expiration-date-options":[]},"categories":[9],"tags":[],"class_list":["post-3089","post","type-post","status-publish","format-standard","hentry","category-aktualno","et-doesnt-have-format-content","et_post_format-et-post-format-standard"],"_links":{"self":[{"href":"https:\/\/www.os-slivnica.si\/index.php?rest_route=\/wp\/v2\/posts\/3089","targetHints":{"allow":["GET"]}}],"collection":[{"href":"https:\/\/www.os-slivnica.si\/index.php?rest_route=\/wp\/v2\/posts"}],"about":[{"href":"https:\/\/www.os-slivnica.si\/index.php?rest_route=\/wp\/v2\/types\/post"}],"author":[{"embeddable":true,"href":"https:\/\/www.os-slivnica.si\/index.php?rest_route=\/wp\/v2\/users\/4050"}],"replies":[{"embeddable":true,"href":"https:\/\/www.os-slivnica.si\/index.php?rest_route=%2Fwp%2Fv2%2Fcomments&post=3089"}],"version-history":[{"count":3,"href":"https:\/\/www.os-slivnica.si\/index.php?rest_route=\/wp\/v2\/posts\/3089\/revisions"}],"predecessor-version":[{"id":3094,"href":"https:\/\/www.os-slivnica.si\/index.php?rest_route=\/wp\/v2\/posts\/3089\/revisions\/3094"}],"wp:attachment":[{"href":"https:\/\/www.os-slivnica.si\/index.php?rest_route=%2Fwp%2Fv2%2Fmedia&parent=3089"}],"wp:term":[{"taxonomy":"category","embeddable":true,"href":"https:\/\/www.os-slivnica.si\/index.php?rest_route=%2Fwp%2Fv2%2Fcategories&post=3089"},{"taxonomy":"post_tag","embeddable":true,"href":"https:\/\/www.os-slivnica.si\/index.php?rest_route=%2Fwp%2Fv2%2Ftags&post=3089"}],"curies":[{"name":"wp","href":"https:\/\/api.w.org\/{rel}","templated":true}]}}