{"id":3044,"date":"2017-02-13T17:12:54","date_gmt":"2017-02-13T16:12:54","guid":{"rendered":"http:\/\/slivnica.splet.arnes.si\/?p=3044"},"modified":"2017-02-13T17:15:38","modified_gmt":"2017-02-13T16:15:38","slug":"loski-ucenci-na-valentinovem-pohodu","status":"publish","type":"post","link":"https:\/\/www.os-slivnica.si\/?p=3044","title":{"rendered":"Lo\u0161ki u\u010denci na Valentinovem pohodu"},"content":{"rendered":"<p>Pe\u0161\u010dica lo\u0161kih u\u010dencev se je v soboto, 11. 2. 2017, z u\u010diteljicama Jo\u017eico in Frido podala na 21. <strong>Valentinov pohod<\/strong> iz Dobrine na \u017dusem. U\u017eivali so v dru\u017ebi pohodnikov iz bli\u017enje in \u0161ir\u0161e okolice, lepem razgledu, dobrem razpolo\u017eenju ter sklenili, da se pohoda zagotovo udele\u017eijo tudi naslednje leto, a takrat bodo na pot povabili \u0161e ve\u010d svojih so\u0161olcev in prijateljev.<\/p>\nngg_shortcode_0_placeholder\n","protected":false},"excerpt":{"rendered":"<p>Pe\u0161\u010dica lo\u0161kih u\u010dencev se je v soboto, 11. 2. 2017, z u\u010diteljicama Jo\u017eico in Frido podala na 21. Valentinov pohod iz Dobrine na \u017dusem. U\u017eivali so v dru\u017ebi pohodnikov iz bli\u017enje in \u0161ir\u0161e okolice, lepem razgledu, dobrem razpolo\u017eenju ter sklenili, da se pohoda zagotovo udele\u017eijo tudi naslednje leto, a takrat bodo na pot povabili \u0161e [&hellip;]<\/p>\n","protected":false},"author":5997,"featured_media":0,"comment_status":"closed","ping_status":"closed","sticky":false,"template":"","format":"standard","meta":{"_et_pb_use_builder":"","_et_pb_old_content":"","_et_gb_content_width":"","ngg_post_thumbnail":0,"footnotes":"","_expiration-date-status":"","_expiration-date":0,"_expiration-date-type":"","_expiration-date-categories":[],"_expiration-date-options":[]},"categories":[10],"tags":[],"class_list":["post-3044","post","type-post","status-publish","format-standard","hentry","category-ps-loka","et-doesnt-have-format-content","et_post_format-et-post-format-standard"],"_links":{"self":[{"href":"https:\/\/www.os-slivnica.si\/index.php?rest_route=\/wp\/v2\/posts\/3044","targetHints":{"allow":["GET"]}}],"collection":[{"href":"https:\/\/www.os-slivnica.si\/index.php?rest_route=\/wp\/v2\/posts"}],"about":[{"href":"https:\/\/www.os-slivnica.si\/index.php?rest_route=\/wp\/v2\/types\/post"}],"author":[{"embeddable":true,"href":"https:\/\/www.os-slivnica.si\/index.php?rest_route=\/wp\/v2\/users\/5997"}],"replies":[{"embeddable":true,"href":"https:\/\/www.os-slivnica.si\/index.php?rest_route=%2Fwp%2Fv2%2Fcomments&post=3044"}],"version-history":[{"count":2,"href":"https:\/\/www.os-slivnica.si\/index.php?rest_route=\/wp\/v2\/posts\/3044\/revisions"}],"predecessor-version":[{"id":3046,"href":"https:\/\/www.os-slivnica.si\/index.php?rest_route=\/wp\/v2\/posts\/3044\/revisions\/3046"}],"wp:attachment":[{"href":"https:\/\/www.os-slivnica.si\/index.php?rest_route=%2Fwp%2Fv2%2Fmedia&parent=3044"}],"wp:term":[{"taxonomy":"category","embeddable":true,"href":"https:\/\/www.os-slivnica.si\/index.php?rest_route=%2Fwp%2Fv2%2Fcategories&post=3044"},{"taxonomy":"post_tag","embeddable":true,"href":"https:\/\/www.os-slivnica.si\/index.php?rest_route=%2Fwp%2Fv2%2Ftags&post=3044"}],"curies":[{"name":"wp","href":"https:\/\/api.w.org\/{rel}","templated":true}]}}