{"id":3022,"date":"2017-02-07T11:21:21","date_gmt":"2017-02-07T10:21:21","guid":{"rendered":"http:\/\/slivnica.splet.arnes.si\/?p=3022"},"modified":"2017-02-07T11:21:21","modified_gmt":"2017-02-07T10:21:21","slug":"prireditev-ob-slovenskem-kulturnem-prazniku","status":"publish","type":"post","link":"https:\/\/www.os-slivnica.si\/?p=3022","title":{"rendered":"PRIREDITEV OB SLOVENSKEM KULTURNEM PRAZNIKU"},"content":{"rendered":"<p>S prireditvijo smo se na O\u0160 Slivnica pri Celju jutri\u0161njemu kulturnemu prazniku poklonili \u017ee danes.<\/p>\n<p>Tako kot Pre\u0161eren, zelo radi ustvarjajo tudi na\u0161i u\u010denci. Pi\u0161ejo pesmi, razna literarna besedila, ustvarjajo risbice in se ukvarjajo z glasbo in plesom. Z deli, ki so jih ustvarili ali poustvarili so se predstavili na dana\u0161nji prireditvi.<\/p>\nngg_shortcode_0_placeholder\n","protected":false},"excerpt":{"rendered":"<p>S prireditvijo smo se na O\u0160 Slivnica pri Celju jutri\u0161njemu kulturnemu prazniku poklonili \u017ee danes. Tako kot Pre\u0161eren, zelo radi ustvarjajo tudi na\u0161i u\u010denci. Pi\u0161ejo pesmi, razna literarna besedila, ustvarjajo risbice in se ukvarjajo z glasbo in plesom. Z deli, ki so jih ustvarili ali poustvarili so se predstavili na dana\u0161nji prireditvi.<\/p>\n","protected":false},"author":6071,"featured_media":0,"comment_status":"closed","ping_status":"closed","sticky":false,"template":"","format":"standard","meta":{"_et_pb_use_builder":"","_et_pb_old_content":"","_et_gb_content_width":"","ngg_post_thumbnail":0,"footnotes":"","_expiration-date-status":"","_expiration-date":0,"_expiration-date-type":"","_expiration-date-categories":[],"_expiration-date-options":[]},"categories":[9],"tags":[],"class_list":["post-3022","post","type-post","status-publish","format-standard","hentry","category-aktualno","et-doesnt-have-format-content","et_post_format-et-post-format-standard"],"_links":{"self":[{"href":"https:\/\/www.os-slivnica.si\/index.php?rest_route=\/wp\/v2\/posts\/3022","targetHints":{"allow":["GET"]}}],"collection":[{"href":"https:\/\/www.os-slivnica.si\/index.php?rest_route=\/wp\/v2\/posts"}],"about":[{"href":"https:\/\/www.os-slivnica.si\/index.php?rest_route=\/wp\/v2\/types\/post"}],"author":[{"embeddable":true,"href":"https:\/\/www.os-slivnica.si\/index.php?rest_route=\/wp\/v2\/users\/6071"}],"replies":[{"embeddable":true,"href":"https:\/\/www.os-slivnica.si\/index.php?rest_route=%2Fwp%2Fv2%2Fcomments&post=3022"}],"version-history":[{"count":1,"href":"https:\/\/www.os-slivnica.si\/index.php?rest_route=\/wp\/v2\/posts\/3022\/revisions"}],"predecessor-version":[{"id":3023,"href":"https:\/\/www.os-slivnica.si\/index.php?rest_route=\/wp\/v2\/posts\/3022\/revisions\/3023"}],"wp:attachment":[{"href":"https:\/\/www.os-slivnica.si\/index.php?rest_route=%2Fwp%2Fv2%2Fmedia&parent=3022"}],"wp:term":[{"taxonomy":"category","embeddable":true,"href":"https:\/\/www.os-slivnica.si\/index.php?rest_route=%2Fwp%2Fv2%2Fcategories&post=3022"},{"taxonomy":"post_tag","embeddable":true,"href":"https:\/\/www.os-slivnica.si\/index.php?rest_route=%2Fwp%2Fv2%2Ftags&post=3022"}],"curies":[{"name":"wp","href":"https:\/\/api.w.org\/{rel}","templated":true}]}}