{"id":2929,"date":"2017-01-18T14:27:37","date_gmt":"2017-01-18T13:27:37","guid":{"rendered":"http:\/\/slivnica.splet.arnes.si\/?p=2929"},"modified":"2017-01-18T14:30:36","modified_gmt":"2017-01-18T13:30:36","slug":"koncert-citrark","status":"publish","type":"post","link":"https:\/\/www.os-slivnica.si\/?p=2929","title":{"rendered":"Koncert citrark"},"content":{"rendered":"<p>&nbsp;<\/p>\n<p><a href=\"http:\/\/slivnica.splet.arnes.si\/files\/2017\/01\/DSC07474m.jpg\"><strong>V sredo, 18. 1. 2017, so se predstavile citrarke: Barbi Bajc, Iva \u010cede, Veronika Planko in Sara \u017dafran.<\/strong> Program je povezovala njihova metorica Jasmina Lei\u010dar. S svojim nastopom so navdu\u0161ile u\u010dence, ki so bili v podalj\u0161anem bivanju, njihove u\u010diteljice in star\u0161e.<br \/>\n<\/a><\/p>\n<p><a href=\"http:\/\/slivnica.splet.arnes.si\/files\/2017\/01\/DSC07474m.jpg\"><img loading=\"lazy\" decoding=\"async\" class=\"alignnone size-medium wp-image-2931\" src=\"http:\/\/slivnica.splet.arnes.si\/files\/2017\/01\/DSC07474m-300x225.jpg\" alt=\"DSC07474m\" width=\"300\" height=\"225\" srcset=\"https:\/\/www.os-slivnica.si\/files\/2017\/01\/DSC07474m-300x225.jpg 300w, https:\/\/www.os-slivnica.si\/files\/2017\/01\/DSC07474m-1024x768.jpg 1024w, https:\/\/www.os-slivnica.si\/files\/2017\/01\/DSC07474m-1080x810.jpg 1080w, https:\/\/www.os-slivnica.si\/files\/2017\/01\/DSC07474m.jpg 1959w\" sizes=\"(max-width: 300px) 100vw, 300px\" \/><\/a> <a href=\"http:\/\/slivnica.splet.arnes.si\/files\/2017\/01\/DSC07475m.jpg\"><img loading=\"lazy\" decoding=\"async\" class=\"alignnone size-medium wp-image-2932\" src=\"http:\/\/slivnica.splet.arnes.si\/files\/2017\/01\/DSC07475m-300x225.jpg\" alt=\"DSC07475m\" width=\"300\" height=\"225\" srcset=\"https:\/\/www.os-slivnica.si\/files\/2017\/01\/DSC07475m-300x225.jpg 300w, https:\/\/www.os-slivnica.si\/files\/2017\/01\/DSC07475m-1024x768.jpg 1024w, https:\/\/www.os-slivnica.si\/files\/2017\/01\/DSC07475m-1080x810.jpg 1080w, https:\/\/www.os-slivnica.si\/files\/2017\/01\/DSC07475m.jpg 1959w\" sizes=\"(max-width: 300px) 100vw, 300px\" \/><\/a> <a href=\"http:\/\/slivnica.splet.arnes.si\/files\/2017\/01\/DSC07476m.jpg\"><img loading=\"lazy\" decoding=\"async\" class=\"alignnone size-medium wp-image-2933\" src=\"http:\/\/slivnica.splet.arnes.si\/files\/2017\/01\/DSC07476m-300x225.jpg\" alt=\"DSC07476m\" width=\"300\" height=\"225\" srcset=\"https:\/\/www.os-slivnica.si\/files\/2017\/01\/DSC07476m-300x225.jpg 300w, https:\/\/www.os-slivnica.si\/files\/2017\/01\/DSC07476m-1024x768.jpg 1024w, https:\/\/www.os-slivnica.si\/files\/2017\/01\/DSC07476m-1080x810.jpg 1080w, https:\/\/www.os-slivnica.si\/files\/2017\/01\/DSC07476m.jpg 1959w\" sizes=\"(max-width: 300px) 100vw, 300px\" \/><\/a> <a href=\"http:\/\/slivnica.splet.arnes.si\/files\/2017\/01\/DSC07479m.jpg\"><img loading=\"lazy\" decoding=\"async\" class=\"alignnone size-medium wp-image-2934\" src=\"http:\/\/slivnica.splet.arnes.si\/files\/2017\/01\/DSC07479m-300x225.jpg\" alt=\"DSC07479m\" width=\"300\" height=\"225\" srcset=\"https:\/\/www.os-slivnica.si\/files\/2017\/01\/DSC07479m-300x225.jpg 300w, https:\/\/www.os-slivnica.si\/files\/2017\/01\/DSC07479m-1024x768.jpg 1024w, https:\/\/www.os-slivnica.si\/files\/2017\/01\/DSC07479m-1080x810.jpg 1080w, https:\/\/www.os-slivnica.si\/files\/2017\/01\/DSC07479m.jpg 1959w\" sizes=\"(max-width: 300px) 100vw, 300px\" \/><\/a> <a href=\"http:\/\/slivnica.splet.arnes.si\/files\/2017\/01\/DSC07481m.jpg\"><img loading=\"lazy\" decoding=\"async\" class=\"alignnone size-medium wp-image-2935\" src=\"http:\/\/slivnica.splet.arnes.si\/files\/2017\/01\/DSC07481m-300x225.jpg\" alt=\"DSC07481m\" width=\"300\" height=\"225\" srcset=\"https:\/\/www.os-slivnica.si\/files\/2017\/01\/DSC07481m-300x225.jpg 300w, https:\/\/www.os-slivnica.si\/files\/2017\/01\/DSC07481m-1024x768.jpg 1024w, https:\/\/www.os-slivnica.si\/files\/2017\/01\/DSC07481m-1080x810.jpg 1080w, https:\/\/www.os-slivnica.si\/files\/2017\/01\/DSC07481m.jpg 1959w\" sizes=\"(max-width: 300px) 100vw, 300px\" \/><\/a> <a href=\"http:\/\/slivnica.splet.arnes.si\/files\/2017\/01\/DSC07484m.jpg\"><img loading=\"lazy\" decoding=\"async\" class=\"alignnone size-medium wp-image-2936\" src=\"http:\/\/slivnica.splet.arnes.si\/files\/2017\/01\/DSC07484m-300x225.jpg\" alt=\"DSC07484m\" width=\"300\" height=\"225\" srcset=\"https:\/\/www.os-slivnica.si\/files\/2017\/01\/DSC07484m-300x225.jpg 300w, https:\/\/www.os-slivnica.si\/files\/2017\/01\/DSC07484m.jpg 784w\" sizes=\"(max-width: 300px) 100vw, 300px\" \/><\/a><\/p>\n","protected":false},"excerpt":{"rendered":"<p>&nbsp; V sredo, 18. 1. 2017, so se predstavile citrarke: Barbi Bajc, Iva \u010cede, Veronika Planko in Sara \u017dafran. Program je povezovala njihova metorica Jasmina Lei\u010dar. S svojim nastopom so navdu\u0161ile u\u010dence, ki so bili v podalj\u0161anem bivanju, njihove u\u010diteljice in star\u0161e.<\/p>\n","protected":false},"author":5705,"featured_media":0,"comment_status":"closed","ping_status":"closed","sticky":false,"template":"","format":"standard","meta":{"_et_pb_use_builder":"","_et_pb_old_content":"","_et_gb_content_width":"","ngg_post_thumbnail":0,"footnotes":"","_expiration-date-status":"","_expiration-date":0,"_expiration-date-type":"","_expiration-date-categories":[],"_expiration-date-options":[]},"categories":[9],"tags":[],"class_list":["post-2929","post","type-post","status-publish","format-standard","hentry","category-aktualno","et-doesnt-have-format-content","et_post_format-et-post-format-standard"],"_links":{"self":[{"href":"https:\/\/www.os-slivnica.si\/index.php?rest_route=\/wp\/v2\/posts\/2929","targetHints":{"allow":["GET"]}}],"collection":[{"href":"https:\/\/www.os-slivnica.si\/index.php?rest_route=\/wp\/v2\/posts"}],"about":[{"href":"https:\/\/www.os-slivnica.si\/index.php?rest_route=\/wp\/v2\/types\/post"}],"author":[{"embeddable":true,"href":"https:\/\/www.os-slivnica.si\/index.php?rest_route=\/wp\/v2\/users\/5705"}],"replies":[{"embeddable":true,"href":"https:\/\/www.os-slivnica.si\/index.php?rest_route=%2Fwp%2Fv2%2Fcomments&post=2929"}],"version-history":[{"count":4,"href":"https:\/\/www.os-slivnica.si\/index.php?rest_route=\/wp\/v2\/posts\/2929\/revisions"}],"predecessor-version":[{"id":2940,"href":"https:\/\/www.os-slivnica.si\/index.php?rest_route=\/wp\/v2\/posts\/2929\/revisions\/2940"}],"wp:attachment":[{"href":"https:\/\/www.os-slivnica.si\/index.php?rest_route=%2Fwp%2Fv2%2Fmedia&parent=2929"}],"wp:term":[{"taxonomy":"category","embeddable":true,"href":"https:\/\/www.os-slivnica.si\/index.php?rest_route=%2Fwp%2Fv2%2Fcategories&post=2929"},{"taxonomy":"post_tag","embeddable":true,"href":"https:\/\/www.os-slivnica.si\/index.php?rest_route=%2Fwp%2Fv2%2Ftags&post=2929"}],"curies":[{"name":"wp","href":"https:\/\/api.w.org\/{rel}","templated":true}]}}