{"id":2914,"date":"2017-01-11T23:07:30","date_gmt":"2017-01-11T22:07:30","guid":{"rendered":"http:\/\/slivnica.splet.arnes.si\/?p=2914"},"modified":"2017-01-11T23:07:46","modified_gmt":"2017-01-11T22:07:46","slug":"na-prevorje-je-prispel-paket","status":"publish","type":"post","link":"https:\/\/www.os-slivnica.si\/?p=2914","title":{"rendered":"Na Prevorje je prispel paket &#8230;"},"content":{"rendered":"<p>Lepega son\u010dnega dne, natan\u010dneje 10. 1. 2017, sta pri\u0161la na Prevorje 2 pomo\u010dnika samega Dedka Mraza. <!--more-->Pravila sta, da jima je Dedek Mraz naro\u010dil, naj ta velik paket dostavita na Prevorje. Decembra so bile sanke namre\u010d \u017ee \u010disto prepolne.<\/p>\n<p>Tako sta nas razveselila predstavnika Lions kluba Celje Keleia z razli\u010dnimi igra\u010dami, knjigami, sestavljankami, igrami, pun\u010dkami iz cunj, zvezki, barvicami &#8230; \u00a0Tadej pa je razveselil njiju z igranjem\u00a0na harmoniko.<\/p>\n<p>Re\u010di smo si razdelili z otroki iz vrtca.<\/p>\n<p>Najlep\u0161a hvala.ngg_shortcode_0_placeholder<\/p>\n","protected":false},"excerpt":{"rendered":"<p>Lepega son\u010dnega dne, natan\u010dneje 10. 1. 2017, sta pri\u0161la na Prevorje 2 pomo\u010dnika samega Dedka Mraza.<\/p>\n","protected":false},"author":7958,"featured_media":0,"comment_status":"closed","ping_status":"closed","sticky":false,"template":"","format":"standard","meta":{"_et_pb_use_builder":"","_et_pb_old_content":"","_et_gb_content_width":"","ngg_post_thumbnail":0,"footnotes":"","_expiration-date-status":"","_expiration-date":0,"_expiration-date-type":"","_expiration-date-categories":[],"_expiration-date-options":[]},"categories":[9,11],"tags":[],"class_list":["post-2914","post","type-post","status-publish","format-standard","hentry","category-aktualno","category-ps-prevorje","et-doesnt-have-format-content","et_post_format-et-post-format-standard"],"_links":{"self":[{"href":"https:\/\/www.os-slivnica.si\/index.php?rest_route=\/wp\/v2\/posts\/2914","targetHints":{"allow":["GET"]}}],"collection":[{"href":"https:\/\/www.os-slivnica.si\/index.php?rest_route=\/wp\/v2\/posts"}],"about":[{"href":"https:\/\/www.os-slivnica.si\/index.php?rest_route=\/wp\/v2\/types\/post"}],"author":[{"embeddable":true,"href":"https:\/\/www.os-slivnica.si\/index.php?rest_route=\/wp\/v2\/users\/7958"}],"replies":[{"embeddable":true,"href":"https:\/\/www.os-slivnica.si\/index.php?rest_route=%2Fwp%2Fv2%2Fcomments&post=2914"}],"version-history":[{"count":2,"href":"https:\/\/www.os-slivnica.si\/index.php?rest_route=\/wp\/v2\/posts\/2914\/revisions"}],"predecessor-version":[{"id":2916,"href":"https:\/\/www.os-slivnica.si\/index.php?rest_route=\/wp\/v2\/posts\/2914\/revisions\/2916"}],"wp:attachment":[{"href":"https:\/\/www.os-slivnica.si\/index.php?rest_route=%2Fwp%2Fv2%2Fmedia&parent=2914"}],"wp:term":[{"taxonomy":"category","embeddable":true,"href":"https:\/\/www.os-slivnica.si\/index.php?rest_route=%2Fwp%2Fv2%2Fcategories&post=2914"},{"taxonomy":"post_tag","embeddable":true,"href":"https:\/\/www.os-slivnica.si\/index.php?rest_route=%2Fwp%2Fv2%2Ftags&post=2914"}],"curies":[{"name":"wp","href":"https:\/\/api.w.org\/{rel}","templated":true}]}}