{"id":2892,"date":"2017-01-09T12:03:58","date_gmt":"2017-01-09T11:03:58","guid":{"rendered":"http:\/\/slivnica.splet.arnes.si\/?p=2892"},"modified":"2017-01-09T12:03:58","modified_gmt":"2017-01-09T11:03:58","slug":"sestosolci-srecno-prispeli-na-areh-2","status":"publish","type":"post","link":"https:\/\/www.os-slivnica.si\/?p=2892","title":{"rendered":"\u0160esto\u0161olci sre\u010dno prispeli na Areh"},"content":{"rendered":"<p>\u010cudovito son\u010dno vreme nas je pri\u010dakalo na Arehu. U\u010denci 6. razreda, ki so v zimski \u0161oli v naravi, so se \u017ee namestili po sobah in \u017ee komaj \u010dakajo, da se spustijo po belih strminah.<\/p>\n<p>Star\u0161em in vsem vam po\u0161iljamo lepe pohorske pozdrave iz Hotela Zarja!<\/p>\n<p><a href=\"http:\/\/slivnica.splet.arnes.si\/files\/2017\/01\/DSC07229.jpg\"><img loading=\"lazy\" decoding=\"async\" class=\"alignnone size-medium wp-image-2897\" src=\"http:\/\/slivnica.splet.arnes.si\/files\/2017\/01\/DSC07229-300x225.jpg\" alt=\"DSC07229\" width=\"300\" height=\"225\" srcset=\"https:\/\/www.os-slivnica.si\/files\/2017\/01\/DSC07229-300x225.jpg 300w, https:\/\/www.os-slivnica.si\/files\/2017\/01\/DSC07229-1024x768.jpg 1024w, https:\/\/www.os-slivnica.si\/files\/2017\/01\/DSC07229-1080x810.jpg 1080w\" sizes=\"(max-width: 300px) 100vw, 300px\" \/><\/a><\/p>\n<p>&nbsp;<\/p>\n<p>&nbsp;<\/p>\n","protected":false},"excerpt":{"rendered":"<p>\u010cudovito son\u010dno vreme nas je pri\u010dakalo na Arehu. U\u010denci 6. razreda, ki so v zimski \u0161oli v naravi, so se \u017ee namestili po sobah in \u017ee komaj \u010dakajo, da se spustijo po belih strminah. Star\u0161em in vsem vam po\u0161iljamo lepe pohorske pozdrave iz Hotela Zarja! &nbsp; &nbsp;<\/p>\n","protected":false},"author":5704,"featured_media":0,"comment_status":"closed","ping_status":"closed","sticky":false,"template":"","format":"standard","meta":{"_et_pb_use_builder":"","_et_pb_old_content":"","_et_gb_content_width":"","ngg_post_thumbnail":0,"footnotes":"","_expiration-date-status":"","_expiration-date":0,"_expiration-date-type":"","_expiration-date-categories":[],"_expiration-date-options":[]},"categories":[9],"tags":[],"class_list":["post-2892","post","type-post","status-publish","format-standard","hentry","category-aktualno","et-doesnt-have-format-content","et_post_format-et-post-format-standard"],"_links":{"self":[{"href":"https:\/\/www.os-slivnica.si\/index.php?rest_route=\/wp\/v2\/posts\/2892","targetHints":{"allow":["GET"]}}],"collection":[{"href":"https:\/\/www.os-slivnica.si\/index.php?rest_route=\/wp\/v2\/posts"}],"about":[{"href":"https:\/\/www.os-slivnica.si\/index.php?rest_route=\/wp\/v2\/types\/post"}],"author":[{"embeddable":true,"href":"https:\/\/www.os-slivnica.si\/index.php?rest_route=\/wp\/v2\/users\/5704"}],"replies":[{"embeddable":true,"href":"https:\/\/www.os-slivnica.si\/index.php?rest_route=%2Fwp%2Fv2%2Fcomments&post=2892"}],"version-history":[{"count":1,"href":"https:\/\/www.os-slivnica.si\/index.php?rest_route=\/wp\/v2\/posts\/2892\/revisions"}],"predecessor-version":[{"id":2898,"href":"https:\/\/www.os-slivnica.si\/index.php?rest_route=\/wp\/v2\/posts\/2892\/revisions\/2898"}],"wp:attachment":[{"href":"https:\/\/www.os-slivnica.si\/index.php?rest_route=%2Fwp%2Fv2%2Fmedia&parent=2892"}],"wp:term":[{"taxonomy":"category","embeddable":true,"href":"https:\/\/www.os-slivnica.si\/index.php?rest_route=%2Fwp%2Fv2%2Fcategories&post=2892"},{"taxonomy":"post_tag","embeddable":true,"href":"https:\/\/www.os-slivnica.si\/index.php?rest_route=%2Fwp%2Fv2%2Ftags&post=2892"}],"curies":[{"name":"wp","href":"https:\/\/api.w.org\/{rel}","templated":true}]}}