{"id":2855,"date":"2016-12-23T04:44:02","date_gmt":"2016-12-23T03:44:02","guid":{"rendered":"http:\/\/slivnica.splet.arnes.si\/?p=2855"},"modified":"2016-12-23T04:52:11","modified_gmt":"2016-12-23T03:52:11","slug":"dedek-mraz-na-prevorju","status":"publish","type":"post","link":"https:\/\/www.os-slivnica.si\/?p=2855","title":{"rendered":"Dedek Mraz na Prevorju"},"content":{"rendered":"<p style=\"text-align: center\"><img loading=\"lazy\" decoding=\"async\" class=\"irc_mi iXlYiQzbdgcc-pQOPx8XEepE aligncenter\" src=\"http:\/\/www.carobnidan.si\/uploads\/images\/PageZadnjeNovice\/Pohorje2010\/Dedek_Mraz.gif\" alt=\"Rezultat iskanja slik za dedek mraz slike\" width=\"86\" height=\"130\" \/><\/p>\n<p style=\"text-align: center\"><span style=\"color: #ff0000\">Davi zarana pobelil je sneg,<\/span><\/p>\n<p style=\"text-align: center\"><span style=\"color: #008000\">travnike, polja, doline in breg.<\/span><\/p>\n<p style=\"text-align: center\"><span style=\"color: #ff0000\">In \u017ee dedek Mraz,<\/span><\/p>\n<p style=\"text-align: center\"><span style=\"color: #008000\"> zapregel v sani,<\/span><\/p>\n<p style=\"text-align: center\"><span style=\"color: #008000\"><span style=\"color: #ff0000\">konji\u010dke je tri,<\/span> <\/span><\/p>\n<p style=\"text-align: center\"><span style=\"color: #008000\">pa hajd v na\u0161o vas!<\/span> (J. Bitenc)<\/p>\n<p style=\"text-align: justify\">S prepevanjem, plesom, igranjem na harmoniko in z dramsko igro, <em>Cesarjeva nova obla\u010dila,<\/em> pod vodstvom <strong>gospe Anice \u010cede<\/strong> in <strong>njene skupine iz Dramelj<\/strong>, smo tudi letos nestrpno pri\u010dakakovali <strong>obisk dedka Mraza.<\/strong> In je pri\u0161el. Z nami je veselo pokramljal, razdelil darila in obljubil, da se prihodnje leto zopet vrne.<\/p>\n<p style=\"text-align: justify\">ngg_shortcode_0_placeholder<\/p>\n","protected":false},"excerpt":{"rendered":"<p>Davi zarana pobelil je sneg, travnike, polja, doline in breg. In \u017ee dedek Mraz, zapregel v sani, konji\u010dke je tri, pa hajd v na\u0161o vas! (J. Bitenc) S prepevanjem, plesom, igranjem na harmoniko in z dramsko igro, Cesarjeva nova obla\u010dila, pod vodstvom gospe Anice \u010cede in njene skupine iz Dramelj, smo tudi letos nestrpno pri\u010dakakovali [&hellip;]<\/p>\n","protected":false},"author":6009,"featured_media":0,"comment_status":"closed","ping_status":"closed","sticky":false,"template":"","format":"standard","meta":{"_et_pb_use_builder":"","_et_pb_old_content":"","_et_gb_content_width":"","ngg_post_thumbnail":0,"footnotes":"","_expiration-date-status":"","_expiration-date":0,"_expiration-date-type":"","_expiration-date-categories":[],"_expiration-date-options":[]},"categories":[11],"tags":[],"class_list":["post-2855","post","type-post","status-publish","format-standard","hentry","category-ps-prevorje","et-doesnt-have-format-content","et_post_format-et-post-format-standard"],"_links":{"self":[{"href":"https:\/\/www.os-slivnica.si\/index.php?rest_route=\/wp\/v2\/posts\/2855","targetHints":{"allow":["GET"]}}],"collection":[{"href":"https:\/\/www.os-slivnica.si\/index.php?rest_route=\/wp\/v2\/posts"}],"about":[{"href":"https:\/\/www.os-slivnica.si\/index.php?rest_route=\/wp\/v2\/types\/post"}],"author":[{"embeddable":true,"href":"https:\/\/www.os-slivnica.si\/index.php?rest_route=\/wp\/v2\/users\/6009"}],"replies":[{"embeddable":true,"href":"https:\/\/www.os-slivnica.si\/index.php?rest_route=%2Fwp%2Fv2%2Fcomments&post=2855"}],"version-history":[{"count":6,"href":"https:\/\/www.os-slivnica.si\/index.php?rest_route=\/wp\/v2\/posts\/2855\/revisions"}],"predecessor-version":[{"id":2861,"href":"https:\/\/www.os-slivnica.si\/index.php?rest_route=\/wp\/v2\/posts\/2855\/revisions\/2861"}],"wp:attachment":[{"href":"https:\/\/www.os-slivnica.si\/index.php?rest_route=%2Fwp%2Fv2%2Fmedia&parent=2855"}],"wp:term":[{"taxonomy":"category","embeddable":true,"href":"https:\/\/www.os-slivnica.si\/index.php?rest_route=%2Fwp%2Fv2%2Fcategories&post=2855"},{"taxonomy":"post_tag","embeddable":true,"href":"https:\/\/www.os-slivnica.si\/index.php?rest_route=%2Fwp%2Fv2%2Ftags&post=2855"}],"curies":[{"name":"wp","href":"https:\/\/api.w.org\/{rel}","templated":true}]}}