{"id":2847,"date":"2016-12-22T21:44:01","date_gmt":"2016-12-22T20:44:01","guid":{"rendered":"http:\/\/slivnica.splet.arnes.si\/?p=2847"},"modified":"2016-12-22T21:44:01","modified_gmt":"2016-12-22T20:44:01","slug":"prijetne-praznike","status":"publish","type":"post","link":"https:\/\/www.os-slivnica.si\/?p=2847","title":{"rendered":"Prijetne praznike! :-)"},"content":{"rendered":"<p>Za partnerske \u0161ole eTwinning projekta <i>Let&#8217;s celebrate the European Day of Languages!<\/i> so \u010detrto- in peto\u0161olci P\u0160 Loka zapeli pesmico Sveta no\u010d v sloven\u0161\u010dini in angle\u0161\u010dini. Naj jo podelimo \u0161e z vami in vam na na\u0161 na\u010din za\u017eelimo prijetne praznike. \ud83d\ude42<\/p>\n<p><iframe loading=\"lazy\" width=\"1080\" height=\"608\" src=\"https:\/\/www.youtube.com\/embed\/veAz4_JgSMo?feature=oembed\" frameborder=\"0\" allowfullscreen><\/iframe><\/p>\n","protected":false},"excerpt":{"rendered":"<p>Za partnerske \u0161ole eTwinning projekta Let&#8217;s celebrate the European Day of Languages! so \u010detrto- in peto\u0161olci P\u0160 Loka zapeli pesmico Sveta no\u010d v sloven\u0161\u010dini in angle\u0161\u010dini. Naj jo podelimo \u0161e z vami in vam na na\u0161 na\u010din za\u017eelimo prijetne praznike. \ud83d\ude42<\/p>\n","protected":false},"author":4243,"featured_media":0,"comment_status":"closed","ping_status":"closed","sticky":false,"template":"","format":"standard","meta":{"_et_pb_use_builder":"","_et_pb_old_content":"","_et_gb_content_width":"","ngg_post_thumbnail":0,"footnotes":"","_expiration-date-status":"","_expiration-date":0,"_expiration-date-type":"","_expiration-date-categories":[],"_expiration-date-options":[]},"categories":[9,10],"tags":[],"class_list":["post-2847","post","type-post","status-publish","format-standard","hentry","category-aktualno","category-ps-loka","et-doesnt-have-format-content","et_post_format-et-post-format-standard"],"_links":{"self":[{"href":"https:\/\/www.os-slivnica.si\/index.php?rest_route=\/wp\/v2\/posts\/2847","targetHints":{"allow":["GET"]}}],"collection":[{"href":"https:\/\/www.os-slivnica.si\/index.php?rest_route=\/wp\/v2\/posts"}],"about":[{"href":"https:\/\/www.os-slivnica.si\/index.php?rest_route=\/wp\/v2\/types\/post"}],"author":[{"embeddable":true,"href":"https:\/\/www.os-slivnica.si\/index.php?rest_route=\/wp\/v2\/users\/4243"}],"replies":[{"embeddable":true,"href":"https:\/\/www.os-slivnica.si\/index.php?rest_route=%2Fwp%2Fv2%2Fcomments&post=2847"}],"version-history":[{"count":1,"href":"https:\/\/www.os-slivnica.si\/index.php?rest_route=\/wp\/v2\/posts\/2847\/revisions"}],"predecessor-version":[{"id":2848,"href":"https:\/\/www.os-slivnica.si\/index.php?rest_route=\/wp\/v2\/posts\/2847\/revisions\/2848"}],"wp:attachment":[{"href":"https:\/\/www.os-slivnica.si\/index.php?rest_route=%2Fwp%2Fv2%2Fmedia&parent=2847"}],"wp:term":[{"taxonomy":"category","embeddable":true,"href":"https:\/\/www.os-slivnica.si\/index.php?rest_route=%2Fwp%2Fv2%2Fcategories&post=2847"},{"taxonomy":"post_tag","embeddable":true,"href":"https:\/\/www.os-slivnica.si\/index.php?rest_route=%2Fwp%2Fv2%2Ftags&post=2847"}],"curies":[{"name":"wp","href":"https:\/\/api.w.org\/{rel}","templated":true}]}}