{"id":2840,"date":"2016-12-22T09:44:20","date_gmt":"2016-12-22T08:44:20","guid":{"rendered":"http:\/\/slivnica.splet.arnes.si\/?p=2840"},"modified":"2016-12-22T09:58:58","modified_gmt":"2016-12-22T08:58:58","slug":"proslava-ob-dnevu-samostojnosti-in-enotnosti-na-os-slivnica","status":"publish","type":"post","link":"https:\/\/www.os-slivnica.si\/?p=2840","title":{"rendered":"Proslava ob dnevu samostojnosti in enotnosti na O\u0160 Slivnica"},"content":{"rendered":"<p>V \u010detrtek, 22. 12. 2016, smo se u\u010denci in u\u010ditelji na\u0161e \u0161ole zbrali v telovadnici in s proslavo obele\u017eili prihajajo\u010di praznik dan samostojnosti in enotnosti.<\/p>\n<p>Po slovenski himni, ki so jo izvedli \u010dlani mladinskega pevskega zbora pod vodstvom Metke Bevc, nas je nagovorila u\u010denka Lana Dobrotin\u0161ek. Spomnila nas je, da v tem \u010dudovitem prazni\u010dnem \u010dasu ne smemo pozabiti na 26. december, dan, ko so bili razgla\u0161eni rezultati plebiscita, ki so pokazali, da smo se Slovenci slo\u017eno odlo\u010dili, da stopimo na pot osamosvojitve. Zato na ta dan obele\u017eujemo dr\u017eavni praznik dan samostojnosti in enotnosti.<\/p>\n<p>Nato je sledila igra dramske skupine\u00a0 BB Show z naslovom <em>Babica zima, kje si?<\/em> \u00a0pod mentorstvom u\u010diteljice Branke Brodej, ki so jo s pesmicami popestrili otro\u0161ki in mlaj\u0161i mladinski pevski zbor z zborovodkinjo Metko Bevc. Glasbeno opremo za celo igro in spremljavo pesmi je uredil gospod Bo\u0161tjan Arti\u010dek. Nastopajo\u010di igralci, plesalci in pevci so svojo nalogo ve\u010d kot odli\u010dno opravili, kar je bilo razvidno iz odzivov ob\u010dinstva.<\/p>\n<p>Na koncu smo prisluhnili \u0161e besedam ravnateljice, gospe Marjete Ko\u0161ak, ki nam je za\u017eelela mirne in lepe praznike.<\/p>\n<p>S poukom bomo spet za\u010deli\u00a0 3. 1. 2017 s I. urnikom.<\/p>\n<p>&nbsp;<\/p>\n<p>&nbsp;<\/p>\nngg_shortcode_0_placeholder\n","protected":false},"excerpt":{"rendered":"<p>V \u010detrtek, 22. 12. 2016, smo se u\u010denci in u\u010ditelji na\u0161e \u0161ole zbrali v telovadnici in s proslavo obele\u017eili prihajajo\u010di praznik dan samostojnosti in enotnosti. Po slovenski himni, ki so jo izvedli \u010dlani mladinskega pevskega zbora pod vodstvom Metke Bevc, nas je nagovorila u\u010denka Lana Dobrotin\u0161ek. Spomnila nas je, da v tem \u010dudovitem prazni\u010dnem \u010dasu [&hellip;]<\/p>\n","protected":false},"author":3995,"featured_media":0,"comment_status":"closed","ping_status":"closed","sticky":false,"template":"","format":"standard","meta":{"_et_pb_use_builder":"","_et_pb_old_content":"","_et_gb_content_width":"","ngg_post_thumbnail":0,"footnotes":"","_expiration-date-status":"","_expiration-date":0,"_expiration-date-type":"","_expiration-date-categories":[],"_expiration-date-options":[]},"categories":[9],"tags":[],"class_list":["post-2840","post","type-post","status-publish","format-standard","hentry","category-aktualno","et-doesnt-have-format-content","et_post_format-et-post-format-standard"],"_links":{"self":[{"href":"https:\/\/www.os-slivnica.si\/index.php?rest_route=\/wp\/v2\/posts\/2840","targetHints":{"allow":["GET"]}}],"collection":[{"href":"https:\/\/www.os-slivnica.si\/index.php?rest_route=\/wp\/v2\/posts"}],"about":[{"href":"https:\/\/www.os-slivnica.si\/index.php?rest_route=\/wp\/v2\/types\/post"}],"author":[{"embeddable":true,"href":"https:\/\/www.os-slivnica.si\/index.php?rest_route=\/wp\/v2\/users\/3995"}],"replies":[{"embeddable":true,"href":"https:\/\/www.os-slivnica.si\/index.php?rest_route=%2Fwp%2Fv2%2Fcomments&post=2840"}],"version-history":[{"count":5,"href":"https:\/\/www.os-slivnica.si\/index.php?rest_route=\/wp\/v2\/posts\/2840\/revisions"}],"predecessor-version":[{"id":2845,"href":"https:\/\/www.os-slivnica.si\/index.php?rest_route=\/wp\/v2\/posts\/2840\/revisions\/2845"}],"wp:attachment":[{"href":"https:\/\/www.os-slivnica.si\/index.php?rest_route=%2Fwp%2Fv2%2Fmedia&parent=2840"}],"wp:term":[{"taxonomy":"category","embeddable":true,"href":"https:\/\/www.os-slivnica.si\/index.php?rest_route=%2Fwp%2Fv2%2Fcategories&post=2840"},{"taxonomy":"post_tag","embeddable":true,"href":"https:\/\/www.os-slivnica.si\/index.php?rest_route=%2Fwp%2Fv2%2Ftags&post=2840"}],"curies":[{"name":"wp","href":"https:\/\/api.w.org\/{rel}","templated":true}]}}