{"id":2813,"date":"2016-12-20T15:47:01","date_gmt":"2016-12-20T14:47:01","guid":{"rendered":"http:\/\/slivnica.splet.arnes.si\/?p=2813"},"modified":"2016-12-20T16:00:20","modified_gmt":"2016-12-20T15:00:20","slug":"obisk-iz-sarajeva-na-prevorju","status":"publish","type":"post","link":"https:\/\/www.os-slivnica.si\/?p=2813","title":{"rendered":"Obisk iz Sarajeva na Prevorju"},"content":{"rendered":"<p>Minuli petek in soboto smo gostili skupino u\u010diteljev iz <strong>O\u0160 D\u017eemuladina \u010cau\u0161evi\u0107a iz Sarajeva<\/strong>. <!--more-->Ogledali so si na\u0161o \u0161olo, za\u010dutili njen utrip, stopili v zvezdno opazovalnico in se zazrli v jasno no\u010dno nebo. Zanje smo pripravili \u00a0kratek kulturni program, kjer so nastopili tudi otroci iz vrtca. Gostujo\u010di u\u010ditelji so bili navdu\u0161eni nad spro\u0161\u010denostjo, odli\u010dnim delovnim okoljem, urejenostjo kraja in \u010disto\u010do pode\u017eelja. Obiskali so tudi na\u0161o mati\u010dno \u0161olo v Gorici.<\/p>\nngg_shortcode_0_placeholder\n","protected":false},"excerpt":{"rendered":"<p>Minuli petek in soboto smo gostili skupino u\u010diteljev iz O\u0160 D\u017eemuladina \u010cau\u0161evi\u0107a iz Sarajeva.<\/p>\n","protected":false},"author":7958,"featured_media":0,"comment_status":"closed","ping_status":"closed","sticky":false,"template":"","format":"standard","meta":{"_et_pb_use_builder":"","_et_pb_old_content":"","_et_gb_content_width":"","ngg_post_thumbnail":0,"footnotes":"","_expiration-date-status":"","_expiration-date":0,"_expiration-date-type":"","_expiration-date-categories":[],"_expiration-date-options":[]},"categories":[9,11],"tags":[],"class_list":["post-2813","post","type-post","status-publish","format-standard","hentry","category-aktualno","category-ps-prevorje","et-doesnt-have-format-content","et_post_format-et-post-format-standard"],"_links":{"self":[{"href":"https:\/\/www.os-slivnica.si\/index.php?rest_route=\/wp\/v2\/posts\/2813","targetHints":{"allow":["GET"]}}],"collection":[{"href":"https:\/\/www.os-slivnica.si\/index.php?rest_route=\/wp\/v2\/posts"}],"about":[{"href":"https:\/\/www.os-slivnica.si\/index.php?rest_route=\/wp\/v2\/types\/post"}],"author":[{"embeddable":true,"href":"https:\/\/www.os-slivnica.si\/index.php?rest_route=\/wp\/v2\/users\/7958"}],"replies":[{"embeddable":true,"href":"https:\/\/www.os-slivnica.si\/index.php?rest_route=%2Fwp%2Fv2%2Fcomments&post=2813"}],"version-history":[{"count":3,"href":"https:\/\/www.os-slivnica.si\/index.php?rest_route=\/wp\/v2\/posts\/2813\/revisions"}],"predecessor-version":[{"id":2816,"href":"https:\/\/www.os-slivnica.si\/index.php?rest_route=\/wp\/v2\/posts\/2813\/revisions\/2816"}],"wp:attachment":[{"href":"https:\/\/www.os-slivnica.si\/index.php?rest_route=%2Fwp%2Fv2%2Fmedia&parent=2813"}],"wp:term":[{"taxonomy":"category","embeddable":true,"href":"https:\/\/www.os-slivnica.si\/index.php?rest_route=%2Fwp%2Fv2%2Fcategories&post=2813"},{"taxonomy":"post_tag","embeddable":true,"href":"https:\/\/www.os-slivnica.si\/index.php?rest_route=%2Fwp%2Fv2%2Ftags&post=2813"}],"curies":[{"name":"wp","href":"https:\/\/api.w.org\/{rel}","templated":true}]}}