{"id":2774,"date":"2016-12-09T12:14:40","date_gmt":"2016-12-09T11:14:40","guid":{"rendered":"http:\/\/slivnica.splet.arnes.si\/?p=2774"},"modified":"2016-12-12T18:20:39","modified_gmt":"2016-12-12T17:20:39","slug":"miklavzev-sejem-na-os-slivnica-pri-celju-in-predstava-babica-zima-kje-si","status":"publish","type":"post","link":"https:\/\/www.os-slivnica.si\/?p=2774","title":{"rendered":"Miklav\u017eev sejem na O\u0160 Slivnica pri Celju in predstava Babica Zima, kje si?"},"content":{"rendered":"<p>V \u010detrtek, 8. 12. 2016, je bilo na na\u0161i \u0161oli \u00a0prazni\u010dno. Ob 15. 30 se je telovadnica spremenila v gledali\u0161\u010de in obiskovalci so si ogledali predstavo dramske skupine\u00a0 BB Show z naslovom <em>Babica Zima, kje si?<\/em> \u00a0pod mentorstvom u\u010diteljice Branke Brodej. Mlaj\u0161i mladinski pevski zbor z zborovodkinjo Metko Bevc je s pesmicami popestril igro. Glasbeno opremo za celo igro in spremljavo pesmi je uredil gospod Bo\u0161tjan Arti\u010dek. Nastopajo\u010di igralci, plesalci in pevci so navdu\u0161ili ob\u010dinstvo, ki jih je ob koncu nagradilo z iskrenim aplavzom.<\/p>\n<p>Nato je v prostoru pred telovadnico potekal Miklav\u017eev sejem. Na lepo okra\u0161enih stojnicah so u\u010denci prodajali izdelke, ki so jih naredili na tehni\u0161kem dnevu in pri izbirnih vsebinah. Na njih pa so se na\u0161le tudi stvari, ki so jih prispevali otroci iz podru\u017eni\u010dnih \u0161ol Loka in Prevorje.<\/p>\n<p>Obiskovalci so lahko izbirali med novoletnimi vo\u0161\u010dilnicami, okraski, sve\u010dniki, nakitom, kupili so lahko pekovske izdelke, zeli\u0161\u010dni \u010daj s \u0161olskega vrta ali sivkine blazinice proti moljem.\u00a0 Nad izdelki so bili obiskovalci zelo navdu\u0161eni in so jih z veseljem kupovali.<\/p>\n<p>Zbrana sredstva bodo namenjena u\u010dencem O\u0160 Slivnica pri Celju.<\/p>\n<p>Utrinke \u010detrtkovega dogajanja si lahko ogledate v galeriji ali na <a href=\"http:\/\/www.sentjur.net\/praznicno-popoldne-na-os-slivnica-pri-celju\/\" target=\"_blank\">sentjur.net<\/a>.<\/p>\nngg_shortcode_0_placeholder\n<p>&nbsp;<\/p>\n","protected":false},"excerpt":{"rendered":"<p>V \u010detrtek, 8. 12. 2016, je bilo na na\u0161i \u0161oli \u00a0prazni\u010dno. Ob 15. 30 se je telovadnica spremenila v gledali\u0161\u010de in obiskovalci so si ogledali predstavo dramske skupine\u00a0 BB Show z naslovom Babica Zima, kje si? \u00a0pod mentorstvom u\u010diteljice Branke Brodej. Mlaj\u0161i mladinski pevski zbor z zborovodkinjo Metko Bevc je s pesmicami popestril igro. Glasbeno [&hellip;]<\/p>\n","protected":false},"author":3995,"featured_media":0,"comment_status":"closed","ping_status":"closed","sticky":false,"template":"","format":"standard","meta":{"_et_pb_use_builder":"","_et_pb_old_content":"","_et_gb_content_width":"","ngg_post_thumbnail":0,"footnotes":"","_expiration-date-status":"","_expiration-date":0,"_expiration-date-type":"","_expiration-date-categories":[],"_expiration-date-options":[]},"categories":[9],"tags":[],"class_list":["post-2774","post","type-post","status-publish","format-standard","hentry","category-aktualno","et-doesnt-have-format-content","et_post_format-et-post-format-standard"],"_links":{"self":[{"href":"https:\/\/www.os-slivnica.si\/index.php?rest_route=\/wp\/v2\/posts\/2774","targetHints":{"allow":["GET"]}}],"collection":[{"href":"https:\/\/www.os-slivnica.si\/index.php?rest_route=\/wp\/v2\/posts"}],"about":[{"href":"https:\/\/www.os-slivnica.si\/index.php?rest_route=\/wp\/v2\/types\/post"}],"author":[{"embeddable":true,"href":"https:\/\/www.os-slivnica.si\/index.php?rest_route=\/wp\/v2\/users\/3995"}],"replies":[{"embeddable":true,"href":"https:\/\/www.os-slivnica.si\/index.php?rest_route=%2Fwp%2Fv2%2Fcomments&post=2774"}],"version-history":[{"count":12,"href":"https:\/\/www.os-slivnica.si\/index.php?rest_route=\/wp\/v2\/posts\/2774\/revisions"}],"predecessor-version":[{"id":2797,"href":"https:\/\/www.os-slivnica.si\/index.php?rest_route=\/wp\/v2\/posts\/2774\/revisions\/2797"}],"wp:attachment":[{"href":"https:\/\/www.os-slivnica.si\/index.php?rest_route=%2Fwp%2Fv2%2Fmedia&parent=2774"}],"wp:term":[{"taxonomy":"category","embeddable":true,"href":"https:\/\/www.os-slivnica.si\/index.php?rest_route=%2Fwp%2Fv2%2Fcategories&post=2774"},{"taxonomy":"post_tag","embeddable":true,"href":"https:\/\/www.os-slivnica.si\/index.php?rest_route=%2Fwp%2Fv2%2Ftags&post=2774"}],"curies":[{"name":"wp","href":"https:\/\/api.w.org\/{rel}","templated":true}]}}