{"id":2747,"date":"2016-11-25T14:32:06","date_gmt":"2016-11-25T13:32:06","guid":{"rendered":"http:\/\/slivnica.splet.arnes.si\/?p=2747"},"modified":"2016-11-25T14:35:01","modified_gmt":"2016-11-25T13:35:01","slug":"knjiznicarski-krozek-osvajal-ljubljano","status":"publish","type":"post","link":"https:\/\/www.os-slivnica.si\/?p=2747","title":{"rendered":"Knji\u017eni\u010darski kro\u017eek &#8220;osvajal&#8221; Ljubljano"},"content":{"rendered":"<p>V \u010detrtek, 24. novembra 2016, se je 12 \u010dlanov knji\u017eni\u010darskega kro\u017eka udele\u017eilo strokovne ekskurzije v Ljubljano. Obiskali smo Muzej iluzij in 32. Slovenski knji\u017eni sejem v Cankarjevem domu v Ljubljani.\u00a0ngg_shortcode_0_placeholder<!--more-->V Ljubljano in nazaj smo varno in udobno potovali z vlakom. Muzej iluzij smo do\u017eiveli v pravem pomenu besede, z zanimanjem smo si ogledovali sobe in razstavljene predmete ter se ves \u010das pridno fotografirali. Po malici smo obiskali knji\u017eni sejem. Sprva smo sami obiskovali stojnice in spoznavali ponudbe razli\u010dnih zalo\u017enikov, nato pa \u0161e vodeno v sklopu \u0160olskega knjigosleda. Obiskali smo stojnico Literarnega dru\u0161tva Celje, Strip.art.rnice Buch in Dr\u017eavne zalo\u017ebe Slovenije. Povsod so nas prijazno sprejeli in nam na zanimiv na\u010din predstavili svojo ponudbo.<\/p>\n<p>&nbsp;<\/p>\n<p>Podrobnej\u0161i opis &#8220;osvajanja&#8221; Ljubljane so zapisali deveto\u0161olci <span style=\"color: #3366ff\">Janja, Tina in Grego<\/span>r:<\/p>\n<p><em>24. novembra 2016 smo si u\u010denci, ki obiskujemo knji\u017eni\u010darski kro\u017eek, ogledali Muzej iluzij in 32. knji\u017eni sejem v Ljubljani. <\/em><\/p>\n<p><em>Muzej \u00a0nas je vse zelo navdu\u0161il, saj se zelo razlikuje od ostalih muzejev. Ogledali smo si razli\u010dne zanimive sobe, &#8220;nau\u010dili&#8221; smo se hoditi po stropu, v sobi z ogledali smo se videli v ne\u0161tetih podobah, v treh sekundah smo se pomanj\u0161ali ali pove\u010dali, postali &#8220;pal\u010dki&#8221; ali &#8220;velikani&#8221;, v ogledalu smo videli svoj obrnjeni portret, v &#8220;kalejdoskopu&#8221; smo \u00a0videli svoje portrete obrnjene v razli\u010dne smeri, do\u017eiveli po\u0161evno sobo in u\u010dinek geometrijskih vzorcev. Na stenah smo prepoznavali 3-D podobe, med katerimi je bilo nekaj precej stra\u0161nih. \u0160e posebej v\u0161e\u010d nam je bilo, ker smo se po muzeju gibali prosto. Lahko smo se fotografirali, kolikor smo hoteli, kar za druge muzeje obi\u010dajno ne velja. Zelo domiselni smo bili v poziranju. Nekateri smo imeli tudi malo vrtoglavice\u00a0ob obisku sobe, v kateri se s svetlobnimi efekti ustvari vtis vrtenja. Re\u0161eval nas je trden prijem kovinske ograje, stra\u0161il kak\u0161en krik in bodril pre\u0161eren smeh ve\u010dine. V zadnjem prostoru smo se lahko tudi poigrali z miselnimi igrami. V muzeju \u00a0je bilo zelo zabavno.<\/em><\/p>\n<p><em>Obiskali smo tudi 32. knji\u017eni sejem, ki je potekal v Cankarjevem domu. Med mno\u017eico knjig, \u00a0smo se te\u017eko odlo\u010dili, katero bi si kupili. Nekatere knjige so ponujali po zelo ugodni ceni. Imeli smo tudi voden ogled po sejmu. \u00a0Obiskali smo tri stojnice, pri katerih so nam na zanimiv \u00a0na\u010din predstavili knjige. Zabavno si je bilo tudi izmi\u0161ljevati zgodbe s pomo\u010djo kock s slikami.<\/em><\/p>\n<p><em>Vsem nam je bilo na ekskurziji zelo v\u0161e\u010d in \u017eal bi nam bilo, \u010de se je ne bi udele\u017eili.\u00a0<\/em><\/p>\n<p>&nbsp;<\/p>\n","protected":false},"excerpt":{"rendered":"<p>V \u010detrtek, 24. novembra 2016, se je 12 \u010dlanov knji\u017eni\u010darskega kro\u017eka udele\u017eilo strokovne ekskurzije v Ljubljano. Obiskali smo Muzej iluzij in 32. Slovenski knji\u017eni sejem v Cankarjevem domu v Ljubljani.\u00a0<\/p>\n","protected":false},"author":4050,"featured_media":0,"comment_status":"closed","ping_status":"closed","sticky":false,"template":"","format":"standard","meta":{"_et_pb_use_builder":"","_et_pb_old_content":"","_et_gb_content_width":"","ngg_post_thumbnail":0,"footnotes":"","_expiration-date-status":"","_expiration-date":0,"_expiration-date-type":"","_expiration-date-categories":[],"_expiration-date-options":[]},"categories":[9],"tags":[],"class_list":["post-2747","post","type-post","status-publish","format-standard","hentry","category-aktualno","et-doesnt-have-format-content","et_post_format-et-post-format-standard"],"_links":{"self":[{"href":"https:\/\/www.os-slivnica.si\/index.php?rest_route=\/wp\/v2\/posts\/2747","targetHints":{"allow":["GET"]}}],"collection":[{"href":"https:\/\/www.os-slivnica.si\/index.php?rest_route=\/wp\/v2\/posts"}],"about":[{"href":"https:\/\/www.os-slivnica.si\/index.php?rest_route=\/wp\/v2\/types\/post"}],"author":[{"embeddable":true,"href":"https:\/\/www.os-slivnica.si\/index.php?rest_route=\/wp\/v2\/users\/4050"}],"replies":[{"embeddable":true,"href":"https:\/\/www.os-slivnica.si\/index.php?rest_route=%2Fwp%2Fv2%2Fcomments&post=2747"}],"version-history":[{"count":7,"href":"https:\/\/www.os-slivnica.si\/index.php?rest_route=\/wp\/v2\/posts\/2747\/revisions"}],"predecessor-version":[{"id":2754,"href":"https:\/\/www.os-slivnica.si\/index.php?rest_route=\/wp\/v2\/posts\/2747\/revisions\/2754"}],"wp:attachment":[{"href":"https:\/\/www.os-slivnica.si\/index.php?rest_route=%2Fwp%2Fv2%2Fmedia&parent=2747"}],"wp:term":[{"taxonomy":"category","embeddable":true,"href":"https:\/\/www.os-slivnica.si\/index.php?rest_route=%2Fwp%2Fv2%2Fcategories&post=2747"},{"taxonomy":"post_tag","embeddable":true,"href":"https:\/\/www.os-slivnica.si\/index.php?rest_route=%2Fwp%2Fv2%2Ftags&post=2747"}],"curies":[{"name":"wp","href":"https:\/\/api.w.org\/{rel}","templated":true}]}}