{"id":2735,"date":"2016-11-25T07:43:43","date_gmt":"2016-11-25T06:43:43","guid":{"rendered":"http:\/\/slivnica.splet.arnes.si\/?p=2735"},"modified":"2016-11-25T07:54:24","modified_gmt":"2016-11-25T06:54:24","slug":"sprememba-datuma-govorilnih-ur-na-os-slivnica-pri-celju","status":"publish","type":"post","link":"https:\/\/www.os-slivnica.si\/?p=2735","title":{"rendered":"Sprememba datuma govorilnih ur na O\u0160 Slivnica pri Celju"},"content":{"rendered":"<p>Spo\u0161tovani star\u0161i!<\/p>\n<p>Obve\u0161\u010damo vas, da bodo izjemoma v decembru govorilne ure 2. v \u010detrtek v mesecu torej 8. 12. 2016. Poleg govorilnih ur se bo na \u0161oli ta dan odvijal Miklav\u017eev sejem, ogledali pa si boste lahko tudi predstavo Babica Zima, kje si? V Gorici pri Slivnici bodo tudi govorilne ure za u\u010dence s podru\u017enic.<\/p>\n<div class=\"_li\"><\/div>\n<p>Ravnateljica<\/p>\n","protected":false},"excerpt":{"rendered":"<p>Spo\u0161tovani star\u0161i! Obve\u0161\u010damo vas, da bodo izjemoma v decembru govorilne ure 2. v \u010detrtek v mesecu torej 8. 12. 2016. Poleg govorilnih ur se bo na \u0161oli ta dan odvijal Miklav\u017eev sejem, ogledali pa si boste lahko tudi predstavo Babica Zima, kje si? V Gorici pri Slivnici bodo tudi govorilne ure za u\u010dence s podru\u017enic. [&hellip;]<\/p>\n","protected":false},"author":5705,"featured_media":0,"comment_status":"closed","ping_status":"closed","sticky":false,"template":"","format":"standard","meta":{"_et_pb_use_builder":"","_et_pb_old_content":"","_et_gb_content_width":"","ngg_post_thumbnail":0,"footnotes":"","_expiration-date-status":"","_expiration-date":0,"_expiration-date-type":"","_expiration-date-categories":[],"_expiration-date-options":[]},"categories":[9],"tags":[],"class_list":["post-2735","post","type-post","status-publish","format-standard","hentry","category-aktualno","et-doesnt-have-format-content","et_post_format-et-post-format-standard"],"_links":{"self":[{"href":"https:\/\/www.os-slivnica.si\/index.php?rest_route=\/wp\/v2\/posts\/2735","targetHints":{"allow":["GET"]}}],"collection":[{"href":"https:\/\/www.os-slivnica.si\/index.php?rest_route=\/wp\/v2\/posts"}],"about":[{"href":"https:\/\/www.os-slivnica.si\/index.php?rest_route=\/wp\/v2\/types\/post"}],"author":[{"embeddable":true,"href":"https:\/\/www.os-slivnica.si\/index.php?rest_route=\/wp\/v2\/users\/5705"}],"replies":[{"embeddable":true,"href":"https:\/\/www.os-slivnica.si\/index.php?rest_route=%2Fwp%2Fv2%2Fcomments&post=2735"}],"version-history":[{"count":5,"href":"https:\/\/www.os-slivnica.si\/index.php?rest_route=\/wp\/v2\/posts\/2735\/revisions"}],"predecessor-version":[{"id":2740,"href":"https:\/\/www.os-slivnica.si\/index.php?rest_route=\/wp\/v2\/posts\/2735\/revisions\/2740"}],"wp:attachment":[{"href":"https:\/\/www.os-slivnica.si\/index.php?rest_route=%2Fwp%2Fv2%2Fmedia&parent=2735"}],"wp:term":[{"taxonomy":"category","embeddable":true,"href":"https:\/\/www.os-slivnica.si\/index.php?rest_route=%2Fwp%2Fv2%2Fcategories&post=2735"},{"taxonomy":"post_tag","embeddable":true,"href":"https:\/\/www.os-slivnica.si\/index.php?rest_route=%2Fwp%2Fv2%2Ftags&post=2735"}],"curies":[{"name":"wp","href":"https:\/\/api.w.org\/{rel}","templated":true}]}}