{"id":2721,"date":"2016-11-21T17:34:25","date_gmt":"2016-11-21T16:34:25","guid":{"rendered":"http:\/\/slivnica.splet.arnes.si\/?p=2721"},"modified":"2016-11-21T17:39:05","modified_gmt":"2016-11-21T16:39:05","slug":"tradicionalni-slovenski-zajtrk-tudi-v-loki","status":"publish","type":"post","link":"https:\/\/www.os-slivnica.si\/?p=2721","title":{"rendered":"Tradicionalni slovenski zajtrk tudi v Loki"},"content":{"rendered":"<p>V petek, 16. 11. 2016,\u00a0 smo v na\u0161i \u0161oli imeli naravoslovni dan &#8211; <strong>tradicionalni slovenski zajtrk<\/strong>, v okviru katerega so se prepletale razli\u010dne dejavnosti.<\/p>\n<p>Najprej smo \u010das namenili delavnici za <strong>Zdravo \u0161olo<\/strong>, v okviru katere smo se pou\u010dili o zdravi prehrani, z vajami izbolj\u0161ali svoje telesno in du\u0161evno po\u010dutje, krepili dobro medsebojno sodelovanje \u2026<\/p>\n<p><strong>Tradicionalni slovenski zajtrk<\/strong>\u00a0s \u010drnim kruhom, maslom, medom, jabolki in mlekom nam je dal dovolj energije za na\u0161e nadaljnje delo.<\/p>\n<p>Sledile so namre\u010d priprave na\u00a0snemanje pesmi \u010cebelar, ki smo jo zapeli ob spremljavi odli\u010dnega harmonikarja <strong>Robija Novaka<\/strong>. Posnetek smo poslali na <a href=\"http:\/\/www.czs.si\/\" target=\"_blank\">\u010cebelarsko zvezo Slovenije<\/a> ter ga objavili na<a href=\"https:\/\/www.youtube.com\/watch?v=4FpGGX7itlE\" target=\"_blank\"> YouTubu<\/a>.<\/p>\n<p>Delo smo nadaljevali s pe\u010denjem medenih pi\u0161kotov in \u00a0polnjenih jabolk z orehovim, le\u0161nikovim nadevom ter oblikovanjem sadnih nabodal in sadnih kro\u017enikov.<\/p>\n<p>\u010cakanje na pe\u010dene dobrote je bilo dolgo, zato smo ga izkoristili za ustvarjanje plakata Shema \u0161olskega sadja in zelenjave.<\/p>\n<p>Kon\u010dno smo do\u010dakali tudi trenutek pogostitve. Bogato oblo\u017eene mize v jedilnici, prikupno serviran pribor in omamne vonjave so bile zadosten razlog, da smo hitro sedli za mize in dodobra napolnili na\u0161e \u017eelod\u010dke.<\/p>\nngg_shortcode_0_placeholder\n<p>&nbsp;<\/p>\n<p>&nbsp;<\/p>\n","protected":false},"excerpt":{"rendered":"<p>V petek, 16. 11. 2016,\u00a0 smo v na\u0161i \u0161oli imeli naravoslovni dan &#8211; tradicionalni slovenski zajtrk, v okviru katerega so se prepletale razli\u010dne dejavnosti. Najprej smo \u010das namenili delavnici za Zdravo \u0161olo, v okviru katere smo se pou\u010dili o zdravi prehrani, z vajami izbolj\u0161ali svoje telesno in du\u0161evno po\u010dutje, krepili dobro medsebojno sodelovanje \u2026 Tradicionalni [&hellip;]<\/p>\n","protected":false},"author":5997,"featured_media":0,"comment_status":"closed","ping_status":"closed","sticky":false,"template":"","format":"standard","meta":{"_et_pb_use_builder":"","_et_pb_old_content":"","_et_gb_content_width":"","ngg_post_thumbnail":0,"footnotes":"","_expiration-date-status":"","_expiration-date":0,"_expiration-date-type":"","_expiration-date-categories":[],"_expiration-date-options":[]},"categories":[9,10],"tags":[],"class_list":["post-2721","post","type-post","status-publish","format-standard","hentry","category-aktualno","category-ps-loka","et-doesnt-have-format-content","et_post_format-et-post-format-standard"],"_links":{"self":[{"href":"https:\/\/www.os-slivnica.si\/index.php?rest_route=\/wp\/v2\/posts\/2721","targetHints":{"allow":["GET"]}}],"collection":[{"href":"https:\/\/www.os-slivnica.si\/index.php?rest_route=\/wp\/v2\/posts"}],"about":[{"href":"https:\/\/www.os-slivnica.si\/index.php?rest_route=\/wp\/v2\/types\/post"}],"author":[{"embeddable":true,"href":"https:\/\/www.os-slivnica.si\/index.php?rest_route=\/wp\/v2\/users\/5997"}],"replies":[{"embeddable":true,"href":"https:\/\/www.os-slivnica.si\/index.php?rest_route=%2Fwp%2Fv2%2Fcomments&post=2721"}],"version-history":[{"count":2,"href":"https:\/\/www.os-slivnica.si\/index.php?rest_route=\/wp\/v2\/posts\/2721\/revisions"}],"predecessor-version":[{"id":2723,"href":"https:\/\/www.os-slivnica.si\/index.php?rest_route=\/wp\/v2\/posts\/2721\/revisions\/2723"}],"wp:attachment":[{"href":"https:\/\/www.os-slivnica.si\/index.php?rest_route=%2Fwp%2Fv2%2Fmedia&parent=2721"}],"wp:term":[{"taxonomy":"category","embeddable":true,"href":"https:\/\/www.os-slivnica.si\/index.php?rest_route=%2Fwp%2Fv2%2Fcategories&post=2721"},{"taxonomy":"post_tag","embeddable":true,"href":"https:\/\/www.os-slivnica.si\/index.php?rest_route=%2Fwp%2Fv2%2Ftags&post=2721"}],"curies":[{"name":"wp","href":"https:\/\/api.w.org\/{rel}","templated":true}]}}