{"id":2706,"date":"2016-11-18T14:27:26","date_gmt":"2016-11-18T13:27:26","guid":{"rendered":"http:\/\/slivnica.splet.arnes.si\/?p=2706"},"modified":"2016-11-18T14:49:03","modified_gmt":"2016-11-18T13:49:03","slug":"tradicionalni-slovenski-zajtrk-na-prevorju","status":"publish","type":"post","link":"https:\/\/www.os-slivnica.si\/?p=2706","title":{"rendered":"Tradicionalni slovenski zajtrk na Prevorju"},"content":{"rendered":"<p>Naravoslovni dan smo obele\u017eili takole:<!--more--><\/p>\n<ul>\n<li>Veliko smo govorili o <strong>pomenu zajtrka<\/strong> in da: <em>prazna vre\u010da ne stoji pokonci<\/em>.<\/li>\n<li>Pregledali smo <strong>prehransko piramido<\/strong> in se pogovarjali o zdravem na\u010dinu \u017eivljenja.<\/li>\n<li>Ozave\u0161\u010dali smo pomen <strong>lokalno pridelane hrane<\/strong>, s katero smo se tudi okrep\u010dali: doma\u010d kruh, maslo, med, mleko in jabolko.<\/li>\n<li>Pekli (in tudi posku\u0161ali) smo razne <strong>pi\u0161kote<\/strong>. <em>Mmmm.<\/em><\/li>\n<li>Tudi ustvarjali smo: nastale so<strong> \u0161katlice za pi\u0161kote<\/strong>.<\/li>\n<li>Med vsem tem pa smo se tudi spro\u0161\u010dali, masirali, plesali in peli pesem \u010cebelar ob spremljavi harmonika\u0161a Tadeja.<\/li>\n<\/ul>\nngg_shortcode_0_placeholder\n","protected":false},"excerpt":{"rendered":"<p>Naravoslovni dan smo obele\u017eili takole:<\/p>\n","protected":false},"author":7958,"featured_media":0,"comment_status":"closed","ping_status":"closed","sticky":false,"template":"","format":"standard","meta":{"_et_pb_use_builder":"","_et_pb_old_content":"","_et_gb_content_width":"","ngg_post_thumbnail":0,"footnotes":"","_expiration-date-status":"","_expiration-date":0,"_expiration-date-type":"","_expiration-date-categories":[],"_expiration-date-options":[]},"categories":[9,11],"tags":[],"class_list":["post-2706","post","type-post","status-publish","format-standard","hentry","category-aktualno","category-ps-prevorje","et-doesnt-have-format-content","et_post_format-et-post-format-standard"],"_links":{"self":[{"href":"https:\/\/www.os-slivnica.si\/index.php?rest_route=\/wp\/v2\/posts\/2706","targetHints":{"allow":["GET"]}}],"collection":[{"href":"https:\/\/www.os-slivnica.si\/index.php?rest_route=\/wp\/v2\/posts"}],"about":[{"href":"https:\/\/www.os-slivnica.si\/index.php?rest_route=\/wp\/v2\/types\/post"}],"author":[{"embeddable":true,"href":"https:\/\/www.os-slivnica.si\/index.php?rest_route=\/wp\/v2\/users\/7958"}],"replies":[{"embeddable":true,"href":"https:\/\/www.os-slivnica.si\/index.php?rest_route=%2Fwp%2Fv2%2Fcomments&post=2706"}],"version-history":[{"count":2,"href":"https:\/\/www.os-slivnica.si\/index.php?rest_route=\/wp\/v2\/posts\/2706\/revisions"}],"predecessor-version":[{"id":2708,"href":"https:\/\/www.os-slivnica.si\/index.php?rest_route=\/wp\/v2\/posts\/2706\/revisions\/2708"}],"wp:attachment":[{"href":"https:\/\/www.os-slivnica.si\/index.php?rest_route=%2Fwp%2Fv2%2Fmedia&parent=2706"}],"wp:term":[{"taxonomy":"category","embeddable":true,"href":"https:\/\/www.os-slivnica.si\/index.php?rest_route=%2Fwp%2Fv2%2Fcategories&post=2706"},{"taxonomy":"post_tag","embeddable":true,"href":"https:\/\/www.os-slivnica.si\/index.php?rest_route=%2Fwp%2Fv2%2Ftags&post=2706"}],"curies":[{"name":"wp","href":"https:\/\/api.w.org\/{rel}","templated":true}]}}