{"id":2701,"date":"2016-11-18T12:38:09","date_gmt":"2016-11-18T11:38:09","guid":{"rendered":"http:\/\/slivnica.splet.arnes.si\/?p=2701"},"modified":"2016-11-19T13:04:25","modified_gmt":"2016-11-19T12:04:25","slug":"dan-slovenske-hrane-na-os-slivnica-pri-celju","status":"publish","type":"post","link":"https:\/\/www.os-slivnica.si\/?p=2701","title":{"rendered":"Dan slovenske hrane na O\u0160 Slivnica pri Celju"},"content":{"rendered":"<p>V petek, 18. 11. 2016, je ob dnevu slovenske hrane na na\u0161i \u0161oli potekal naravoslovni dan, v sklopu katerega smo izvedli tri projekte.<\/p>\n<p>Ob 8. uri smo se vsi u\u010denci zbrali v svojih u\u010dilnicah in 1. \u0161olsko uro so potekale delavnice za \u00a0<strong>Zdravo \u0161olo \u2013 Izbolj\u0161evanje du\u0161evnega zdravja. <\/strong><\/p>\n<p>Nato je\u00a0 po razredih sledil <strong>tradicionalni slovenski zajtrk \u2013 medeni zajtrk<\/strong>. Imeli smo \u010drn kruh, med iz \u0161olskega \u010debelnjaka, maslo, \u010daj z zeli\u0161\u010di iz \u0161olskega vrta ter jabolka. Bilo je okusno.<\/p>\n<p>Po zajtrku smo imeli v telovadnici poseben dogodek. Zbrali smo se vsi u\u010denci in u\u010ditelji, obikal pa nas je tudi gospod Peter Mo\u010dnik, \u010debelar iz \u010cebelarskega dru\u0161tva Slivnica pri Celju. Najprej nas je pozdravila ravnateljica in povedala, zakaj smo se zbrali. Medeni zajtrk praznuje letos \u017ee 10 let. \u010cebelarska zveza Slovenije, ki uspe\u0161no sodeluje s \u0161olo in vrtci, nas je ob tej prilo\u017enosti povabila k jubilejnemu dogodku. Tako se je tudi na\u0161a \u0161ola z veseljem priklju\u010dila naj\u0161tevil\u010dnej\u0161emu \u010debelarskemu pevskemu zboru. Ob 10. uri smo po vsej Sloveniji, a vsak na svoji lokaciji, zapeli pesem \u010cebelar ansambla Lojzeta Slaka (zapelo je preko 30.000 pevcev). Na\u0161 nastop, ki so ga s harmonikami spremljali na\u0161i u\u010denci, smo tudi posneli in ga poslali na \u010cebelarsko zvezo Slovenije ter ga objavili na <a href=\"https:\/\/www.youtube.com\/watch?v=kpa2z1e_Uls\" target=\"_blank\">YouTubu<\/a>. Ta dogodek naj nas opomni na pomen \u010debel v naravi in na na\u0161o dol\u017enost ohranjati \u010disto naravo.<\/p>\n<p>Sledile so aktivnosti za <strong>Shemo \u0161olskega sadja in zelenjave<\/strong>. U\u010denci od 1. do 5. razreda so oblikovali koti\u010dke sadja in zelenjave v razredih, plakate\u00a0 \u0336\u00a0 ko\u0161arice zdravja, sadno solato, koruzne \u017eemljice, okraske iz papirja v obliki \u010debelic in ro\u017eic, sadno-zelenjavna nabodala ter kroglice iz pi\u0161kotov in sadja. U\u010denci prve triade so na \u0161olskem igri\u0161\u010du izvedli tudi <strong>projekt Tek podnebne solidarnosti. <\/strong><\/p>\n<p>U\u010denci od 6. do 9. razreda so po razredih\u00a0 izdelovali plakate, sestavljali slogane, pregovore in pesmice na temo sadja in zelenjave. Nato so pekli razli\u010dne medene pi\u0161kote, delali zelenjavne namaze in rezance.<\/p>\n<p>Vsi u\u010denci smo se ob koncu naravoslovnega dne zbrali v ve\u010dnamenskem prostoru, kjer smo lahko poizkusili dobrote, ki so jih pripravili so\u0161olci.<\/p>\n<p>Med delom so nastale tudi fotografije, ki si jih oglejte spodaj.<\/p>\n<p>&nbsp;<\/p>\nngg_shortcode_0_placeholder\n","protected":false},"excerpt":{"rendered":"<p>V petek, 18. 11. 2016, je ob dnevu slovenske hrane na na\u0161i \u0161oli potekal naravoslovni dan, v sklopu katerega smo izvedli tri projekte. Ob 8. uri smo se vsi u\u010denci zbrali v svojih u\u010dilnicah in 1. \u0161olsko uro so potekale delavnice za \u00a0Zdravo \u0161olo \u2013 Izbolj\u0161evanje du\u0161evnega zdravja. Nato je\u00a0 po razredih sledil tradicionalni slovenski [&hellip;]<\/p>\n","protected":false},"author":3995,"featured_media":0,"comment_status":"closed","ping_status":"closed","sticky":false,"template":"","format":"standard","meta":{"_et_pb_use_builder":"","_et_pb_old_content":"","_et_gb_content_width":"","ngg_post_thumbnail":0,"footnotes":"","_expiration-date-status":"","_expiration-date":0,"_expiration-date-type":"","_expiration-date-categories":[],"_expiration-date-options":[]},"categories":[9],"tags":[],"class_list":["post-2701","post","type-post","status-publish","format-standard","hentry","category-aktualno","et-doesnt-have-format-content","et_post_format-et-post-format-standard"],"_links":{"self":[{"href":"https:\/\/www.os-slivnica.si\/index.php?rest_route=\/wp\/v2\/posts\/2701","targetHints":{"allow":["GET"]}}],"collection":[{"href":"https:\/\/www.os-slivnica.si\/index.php?rest_route=\/wp\/v2\/posts"}],"about":[{"href":"https:\/\/www.os-slivnica.si\/index.php?rest_route=\/wp\/v2\/types\/post"}],"author":[{"embeddable":true,"href":"https:\/\/www.os-slivnica.si\/index.php?rest_route=\/wp\/v2\/users\/3995"}],"replies":[{"embeddable":true,"href":"https:\/\/www.os-slivnica.si\/index.php?rest_route=%2Fwp%2Fv2%2Fcomments&post=2701"}],"version-history":[{"count":4,"href":"https:\/\/www.os-slivnica.si\/index.php?rest_route=\/wp\/v2\/posts\/2701\/revisions"}],"predecessor-version":[{"id":2715,"href":"https:\/\/www.os-slivnica.si\/index.php?rest_route=\/wp\/v2\/posts\/2701\/revisions\/2715"}],"wp:attachment":[{"href":"https:\/\/www.os-slivnica.si\/index.php?rest_route=%2Fwp%2Fv2%2Fmedia&parent=2701"}],"wp:term":[{"taxonomy":"category","embeddable":true,"href":"https:\/\/www.os-slivnica.si\/index.php?rest_route=%2Fwp%2Fv2%2Fcategories&post=2701"},{"taxonomy":"post_tag","embeddable":true,"href":"https:\/\/www.os-slivnica.si\/index.php?rest_route=%2Fwp%2Fv2%2Ftags&post=2701"}],"curies":[{"name":"wp","href":"https:\/\/api.w.org\/{rel}","templated":true}]}}