{"id":2675,"date":"2016-11-11T18:54:37","date_gmt":"2016-11-11T17:54:37","guid":{"rendered":"http:\/\/slivnica.splet.arnes.si\/?p=2675"},"modified":"2016-11-11T18:58:38","modified_gmt":"2016-11-11T17:58:38","slug":"otroci-za-varnost-na-cesti-v-loki","status":"publish","type":"post","link":"https:\/\/www.os-slivnica.si\/?p=2675","title":{"rendered":"Otroci za varnost v prometu v Loki"},"content":{"rendered":"<p>Tudi to \u0161olsko leto je Nacionalni in\u0161titut za javno zdravje pripravil nate\u010daj na temo alkohola in prometa. U\u010denci na\u0161e \u0161ole so izdelali obris svoje roke, nanj pa napisali klju\u010dno sporo\u010dilo o u\u017eivanju alkohola v prometu.<\/p>\n<p>Na martinovo so u\u010denci v spremstvu policistov in u\u010diteljic izdelke s sporo\u010dilom ter zlo\u017eenko o alkoholu delili voznikom. Pri tem so jim razlo\u017eili namen akcije ter jim za\u017eeleli sre\u010dno vo\u017enjo.<\/p>\nngg_shortcode_0_placeholder\n","protected":false},"excerpt":{"rendered":"<p>Tudi to \u0161olsko leto je Nacionalni in\u0161titut za javno zdravje pripravil nate\u010daj na temo alkohola in prometa. U\u010denci na\u0161e \u0161ole so izdelali obris svoje roke, nanj pa napisali klju\u010dno sporo\u010dilo o u\u017eivanju alkohola v prometu. Na martinovo so u\u010denci v spremstvu policistov in u\u010diteljic izdelke s sporo\u010dilom ter zlo\u017eenko o alkoholu delili voznikom. Pri tem [&hellip;]<\/p>\n","protected":false},"author":5997,"featured_media":0,"comment_status":"closed","ping_status":"closed","sticky":false,"template":"","format":"standard","meta":{"_et_pb_use_builder":"","_et_pb_old_content":"","_et_gb_content_width":"","ngg_post_thumbnail":0,"footnotes":"","_expiration-date-status":"","_expiration-date":0,"_expiration-date-type":"","_expiration-date-categories":[],"_expiration-date-options":[]},"categories":[10],"tags":[],"class_list":["post-2675","post","type-post","status-publish","format-standard","hentry","category-ps-loka","et-doesnt-have-format-content","et_post_format-et-post-format-standard"],"_links":{"self":[{"href":"https:\/\/www.os-slivnica.si\/index.php?rest_route=\/wp\/v2\/posts\/2675","targetHints":{"allow":["GET"]}}],"collection":[{"href":"https:\/\/www.os-slivnica.si\/index.php?rest_route=\/wp\/v2\/posts"}],"about":[{"href":"https:\/\/www.os-slivnica.si\/index.php?rest_route=\/wp\/v2\/types\/post"}],"author":[{"embeddable":true,"href":"https:\/\/www.os-slivnica.si\/index.php?rest_route=\/wp\/v2\/users\/5997"}],"replies":[{"embeddable":true,"href":"https:\/\/www.os-slivnica.si\/index.php?rest_route=%2Fwp%2Fv2%2Fcomments&post=2675"}],"version-history":[{"count":3,"href":"https:\/\/www.os-slivnica.si\/index.php?rest_route=\/wp\/v2\/posts\/2675\/revisions"}],"predecessor-version":[{"id":2678,"href":"https:\/\/www.os-slivnica.si\/index.php?rest_route=\/wp\/v2\/posts\/2675\/revisions\/2678"}],"wp:attachment":[{"href":"https:\/\/www.os-slivnica.si\/index.php?rest_route=%2Fwp%2Fv2%2Fmedia&parent=2675"}],"wp:term":[{"taxonomy":"category","embeddable":true,"href":"https:\/\/www.os-slivnica.si\/index.php?rest_route=%2Fwp%2Fv2%2Fcategories&post=2675"},{"taxonomy":"post_tag","embeddable":true,"href":"https:\/\/www.os-slivnica.si\/index.php?rest_route=%2Fwp%2Fv2%2Ftags&post=2675"}],"curies":[{"name":"wp","href":"https:\/\/api.w.org\/{rel}","templated":true}]}}