{"id":2632,"date":"2016-10-28T20:05:38","date_gmt":"2016-10-28T18:05:38","guid":{"rendered":"http:\/\/slivnica.splet.arnes.si\/?p=2632"},"modified":"2016-10-28T20:15:38","modified_gmt":"2016-10-28T18:15:38","slug":"pocastitev-praznikov-v-loki","status":"publish","type":"post","link":"https:\/\/www.os-slivnica.si\/?p=2632","title":{"rendered":"Po\u010dastitev praznikov v Loki"},"content":{"rendered":"<p>Pomen bli\u017eajo\u010dega se slovenskega kulturnega praznika nam je v petek, 28. 10. 2016, predstavila u\u010denka Danaja Krajnc, slikovno je njeno besedilo popestril \u017diga Vidergar.<\/p>\n<p>Ta dan smo se ob 12. uri odpravili tudi k spomeniku padlih borcev, kjer smo se s petjem in recitacijami spomnili nanje. Pri\u017egali smo sve\u010dke in se jim z minutnim molkom tudi poklonili.<\/p>\nngg_shortcode_0_placeholder\n<p>&nbsp;<\/p>\n","protected":false},"excerpt":{"rendered":"<p>Pomen bli\u017eajo\u010dega se slovenskega kulturnega praznika nam je v petek, 28. 10. 2016, predstavila u\u010denka Danaja Krajnc, slikovno je njeno besedilo popestril \u017diga Vidergar. Ta dan smo se ob 12. uri odpravili tudi k spomeniku padlih borcev, kjer smo se s petjem in recitacijami spomnili nanje. Pri\u017egali smo sve\u010dke in se jim z minutnim molkom [&hellip;]<\/p>\n","protected":false},"author":5997,"featured_media":0,"comment_status":"closed","ping_status":"closed","sticky":false,"template":"","format":"standard","meta":{"_et_pb_use_builder":"","_et_pb_old_content":"","_et_gb_content_width":"","ngg_post_thumbnail":0,"footnotes":"","_expiration-date-status":"","_expiration-date":0,"_expiration-date-type":"","_expiration-date-categories":[],"_expiration-date-options":[]},"categories":[10],"tags":[],"class_list":["post-2632","post","type-post","status-publish","format-standard","hentry","category-ps-loka","et-doesnt-have-format-content","et_post_format-et-post-format-standard"],"_links":{"self":[{"href":"https:\/\/www.os-slivnica.si\/index.php?rest_route=\/wp\/v2\/posts\/2632","targetHints":{"allow":["GET"]}}],"collection":[{"href":"https:\/\/www.os-slivnica.si\/index.php?rest_route=\/wp\/v2\/posts"}],"about":[{"href":"https:\/\/www.os-slivnica.si\/index.php?rest_route=\/wp\/v2\/types\/post"}],"author":[{"embeddable":true,"href":"https:\/\/www.os-slivnica.si\/index.php?rest_route=\/wp\/v2\/users\/5997"}],"replies":[{"embeddable":true,"href":"https:\/\/www.os-slivnica.si\/index.php?rest_route=%2Fwp%2Fv2%2Fcomments&post=2632"}],"version-history":[{"count":4,"href":"https:\/\/www.os-slivnica.si\/index.php?rest_route=\/wp\/v2\/posts\/2632\/revisions"}],"predecessor-version":[{"id":2638,"href":"https:\/\/www.os-slivnica.si\/index.php?rest_route=\/wp\/v2\/posts\/2632\/revisions\/2638"}],"wp:attachment":[{"href":"https:\/\/www.os-slivnica.si\/index.php?rest_route=%2Fwp%2Fv2%2Fmedia&parent=2632"}],"wp:term":[{"taxonomy":"category","embeddable":true,"href":"https:\/\/www.os-slivnica.si\/index.php?rest_route=%2Fwp%2Fv2%2Fcategories&post=2632"},{"taxonomy":"post_tag","embeddable":true,"href":"https:\/\/www.os-slivnica.si\/index.php?rest_route=%2Fwp%2Fv2%2Ftags&post=2632"}],"curies":[{"name":"wp","href":"https:\/\/api.w.org\/{rel}","templated":true}]}}