{"id":2625,"date":"2016-10-28T14:26:02","date_gmt":"2016-10-28T12:26:02","guid":{"rendered":"http:\/\/slivnica.splet.arnes.si\/?p=2625"},"modified":"2016-10-28T14:34:15","modified_gmt":"2016-10-28T12:34:15","slug":"na-prevorju-obelezili-spomin-na-padle-borce","status":"publish","type":"post","link":"https:\/\/www.os-slivnica.si\/?p=2625","title":{"rendered":"Na Prevorju obele\u017eili spomin na padle borce&#8230;"},"content":{"rendered":"<p>Na Prevorju smo v petek, 28. 10. 2016, obele\u017eili spomin na padle borce. Pridru\u017eil se nam je tudi vojni veteran Mirko Pajek. <!--more-->Na pokopali\u0161\u010du smo &#8220;obiskali&#8221; tudi u\u010diteljico Marico Opre\u0161nik, rabojnika Guzaja ter poiskali grobove na\u0161ih pokojnih.ngg_shortcode_0_placeholder<\/p>\n","protected":false},"excerpt":{"rendered":"<p>Na Prevorju smo v petek, 28. 10. 2016, obele\u017eili spomin na padle borce. Pridru\u017eil se nam je tudi vojni veteran Mirko Pajek.<\/p>\n","protected":false},"author":7958,"featured_media":0,"comment_status":"closed","ping_status":"closed","sticky":false,"template":"","format":"standard","meta":{"_et_pb_use_builder":"","_et_pb_old_content":"","_et_gb_content_width":"","ngg_post_thumbnail":0,"footnotes":"","_expiration-date-status":"","_expiration-date":0,"_expiration-date-type":"","_expiration-date-categories":[],"_expiration-date-options":[]},"categories":[9,11],"tags":[],"class_list":["post-2625","post","type-post","status-publish","format-standard","hentry","category-aktualno","category-ps-prevorje","et-doesnt-have-format-content","et_post_format-et-post-format-standard"],"_links":{"self":[{"href":"https:\/\/www.os-slivnica.si\/index.php?rest_route=\/wp\/v2\/posts\/2625","targetHints":{"allow":["GET"]}}],"collection":[{"href":"https:\/\/www.os-slivnica.si\/index.php?rest_route=\/wp\/v2\/posts"}],"about":[{"href":"https:\/\/www.os-slivnica.si\/index.php?rest_route=\/wp\/v2\/types\/post"}],"author":[{"embeddable":true,"href":"https:\/\/www.os-slivnica.si\/index.php?rest_route=\/wp\/v2\/users\/7958"}],"replies":[{"embeddable":true,"href":"https:\/\/www.os-slivnica.si\/index.php?rest_route=%2Fwp%2Fv2%2Fcomments&post=2625"}],"version-history":[{"count":2,"href":"https:\/\/www.os-slivnica.si\/index.php?rest_route=\/wp\/v2\/posts\/2625\/revisions"}],"predecessor-version":[{"id":2627,"href":"https:\/\/www.os-slivnica.si\/index.php?rest_route=\/wp\/v2\/posts\/2625\/revisions\/2627"}],"wp:attachment":[{"href":"https:\/\/www.os-slivnica.si\/index.php?rest_route=%2Fwp%2Fv2%2Fmedia&parent=2625"}],"wp:term":[{"taxonomy":"category","embeddable":true,"href":"https:\/\/www.os-slivnica.si\/index.php?rest_route=%2Fwp%2Fv2%2Fcategories&post=2625"},{"taxonomy":"post_tag","embeddable":true,"href":"https:\/\/www.os-slivnica.si\/index.php?rest_route=%2Fwp%2Fv2%2Ftags&post=2625"}],"curies":[{"name":"wp","href":"https:\/\/api.w.org\/{rel}","templated":true}]}}